{"id":39132,"date":"2025-07-01T12:56:46","date_gmt":"2025-07-01T09:56:46","guid":{"rendered":"https:\/\/www.egemtv.com\/?p=39132"},"modified":"2025-07-01T12:56:52","modified_gmt":"2025-07-01T09:56:52","slug":"aydinda-teror-orgutu-uyesi-yakalandi","status":"publish","type":"post","link":"https:\/\/www.egemtv.com\/?p=39132","title":{"rendered":"Ayd\u0131n\u2019da ter\u00f6r \u00f6rg\u00fct\u00fc \u00fcyesi yakaland\u0131"},"content":{"rendered":"<p>Ayd\u0131n\u2019\u0131n Efeler il\u00e7esinde hakk\u0131nda 6 y\u0131l 3 ay hapis cezas\u0131 bulunan silahl\u0131 ter\u00f6r \u00f6rg\u00fct\u00fc \u00fcyesi \u015fah\u0131s jandarma taraf\u0131ndan operasyonla yakaland\u0131.<\/p>\n<p>Ayd\u0131n \u0130l Jandarma Komutanl\u0131\u011f\u0131 TEM \u015eube M\u00fcd\u00fcrl\u00fc\u011f\u00fc ve Efeler \u0130l\u00e7e Jandarma Komutanl\u0131\u011f\u0131nca aranan \u015fah\u0131slar\u0131n yakalanmas\u0131na y\u00f6nelik \u00e7al\u0131\u015fma ba\u015flat\u0131ld\u0131. &#8220;Silahl\u0131 Ter\u00f6r \u00d6rg\u00fct\u00fcne \u00dcye Olma&#8221; su\u00e7undan aranan ve hakk\u0131nda 6 y\u0131l 3 ay kesinle\u015fmi\u015f hapis cezas\u0131 bulunan N.Y. (54) isimli \u015f\u00fcpheli \u015fah\u0131s Efeler I\u015f\u0131kl\u0131 Mahallesi\u2019nde operasyon ile yakaland\u0131. \u015eah\u0131s, adli makamlarca tutuklanmas\u0131na m\u00fcteakip Ceza \u0130nfaz Kurumuna teslim edildi.<br \/><\/p>\n","protected":false},"excerpt":{"rendered":"<p>Ayd\u0131n\u2019\u0131n Efeler il\u00e7esinde hakk\u0131nda 6 y\u0131l 3 ay hapis cezas\u0131 bulunan silahl\u0131 ter\u00f6r \u00f6rg\u00fct\u00fc \u00fcyesi \u015fah\u0131s jandarma taraf\u0131ndan operasyonla yakaland\u0131. Ayd\u0131n \u0130l Jandarma Komutanl\u0131\u011f\u0131 TEM \u015eube M\u00fcd\u00fcrl\u00fc\u011f\u00fc ve Efeler \u0130l\u00e7e Jandarma Komutanl\u0131\u011f\u0131nca aranan \u015fah\u0131slar\u0131n yakalanmas\u0131na y\u00f6nelik \u00e7al\u0131\u015fma ba\u015flat\u0131ld\u0131. &#8220;Silahl\u0131 Ter\u00f6r \u00d6rg\u00fct\u00fcne \u00dcye Olma&#8221; su\u00e7undan aranan ve hakk\u0131nda 6 y\u0131l 3 ay kesinle\u015fmi\u015f hapis cezas\u0131 bulunan&#8230;<\/p>\n","protected":false},"author":1,"featured_media":39133,"comment_status":"open","ping_status":"open","sticky":false,"template":"","format":"standard","meta":{"_crdt_document":"","footnotes":""},"categories":[5],"tags":[],"class_list":["post-39132","post","type-post","status-publish","format-standard","has-post-thumbnail","hentry","category-asayis"],"_links":{"self":[{"href":"https:\/\/www.egemtv.com\/index.php?rest_route=\/wp\/v2\/posts\/39132","targetHints":{"allow":["GET"]}}],"collection":[{"href":"https:\/\/www.egemtv.com\/index.php?rest_route=\/wp\/v2\/posts"}],"about":[{"href":"https:\/\/www.egemtv.com\/index.php?rest_route=\/wp\/v2\/types\/post"}],"author":[{"embeddable":true,"href":"https:\/\/www.egemtv.com\/index.php?rest_route=\/wp\/v2\/users\/1"}],"replies":[{"embeddable":true,"href":"https:\/\/www.egemtv.com\/index.php?rest_route=%2Fwp%2Fv2%2Fcomments&post=39132"}],"version-history":[{"count":1,"href":"https:\/\/www.egemtv.com\/index.php?rest_route=\/wp\/v2\/posts\/39132\/revisions"}],"predecessor-version":[{"id":39134,"href":"https:\/\/www.egemtv.com\/index.php?rest_route=\/wp\/v2\/posts\/39132\/revisions\/39134"}],"wp:featuredmedia":[{"embeddable":true,"href":"https:\/\/www.egemtv.com\/index.php?rest_route=\/wp\/v2\/media\/39133"}],"wp:attachment":[{"href":"https:\/\/www.egemtv.com\/index.php?rest_route=%2Fwp%2Fv2%2Fmedia&parent=39132"}],"wp:term":[{"taxonomy":"category","embeddable":true,"href":"https:\/\/www.egemtv.com\/index.php?rest_route=%2Fwp%2Fv2%2Fcategories&post=39132"},{"taxonomy":"post_tag","embeddable":true,"href":"https:\/\/www.egemtv.com\/index.php?rest_route=%2Fwp%2Fv2%2Ftags&post=39132"}],"curies":[{"name":"wp","href":"https:\/\/api.w.org\/{rel}","templated":true}]}}