{"id":39129,"date":"2025-07-01T12:36:39","date_gmt":"2025-07-01T09:36:39","guid":{"rendered":"https:\/\/www.egemtv.com\/?p=39129"},"modified":"2025-07-01T12:36:44","modified_gmt":"2025-07-01T09:36:44","slug":"fethiyede-kabotaj-bayrami-kutlamalari-basladi","status":"publish","type":"post","link":"https:\/\/www.egemtv.com\/?p=39129","title":{"rendered":"Fethiye\u2019de Kabotaj Bayram\u0131 kutlamalar\u0131 ba\u015flad\u0131"},"content":{"rendered":"<p>Fethiye\u2019de 1 Temmuz Denizcilik ve Kabotaj Bayram\u0131\u2019n\u0131n 99. y\u0131l\u0131 t\u00f6renle kutland\u0131. Be\u015fkaza Meydan\u0131\u2019nda d\u00fczenlenen t\u00f6renin ard\u0131ndan \u015fehitler i\u00e7in denize \u00e7elenk b\u0131rak\u0131ld\u0131.<\/p>\n<p>1 Temmuz Denizcilik ve Kabotaj Bayram\u0131\u2019n\u0131n 99. y\u0131l d\u00f6n\u00fcm\u00fc nedeniyle Be\u015fkaza Meydan\u0131\u2019nda t\u00f6ren d\u00fczenlendi. T\u00f6rene Fethiye Kaymakam Vekili Mesut Yakuta, Fethiye Belediye Ba\u015fkan Vekili O\u011fuz Bolelli, Fethiye Liman Ba\u015fkan\u0131 \u00c7etin \u00c7ift\u00e7i, \u0130MEAK Deniz Ticaret Odas\u0131 Fethiye \u015eubesi Ba\u015fkan\u0131 \u0130lkay Tugay, Fethiye Ticaret ve Sanayi Odas\u0131 Ba\u015fkan\u0131 Osman \u00c7\u0131ral\u0131, Ak Parti Fethiye \u0130l\u00e7e Ba\u015fkan\u0131 Kadir Sar\u0131han\u2019\u0131n yan\u0131 s\u0131ra denizcilik kooperatiflerinin ba\u015fkanlar\u0131 ve temsilcileri kat\u0131ld\u0131. Programda ilk olarak Atat\u00fcrk An\u0131t\u0131\u2019na \u00e7elenk sunumu yap\u0131ld\u0131. Ard\u0131ndan Ulu \u00d6nder Mustafa Kemal Atat\u00fcrk ve aziz \u015fehitlerimizin an\u0131s\u0131na sayg\u0131 duru\u015funda bulunuldu ve \u0130stiklal Mar\u015f\u0131 okundu.<\/p>\n<p>T\u00f6renin devam\u0131nda g\u00fcn\u00fcn anlam ve \u00f6nemine ili\u015fkin konu\u015fmay\u0131 Fethiye Liman Ba\u015fkan\u0131 \u00c7etin \u00c7ift\u00e7i yapt\u0131. \u00c7ift\u00e7i, 1 Temmuz 1926\u2019da y\u00fcr\u00fcrl\u00fc\u011fe giren Kabotaj Kanunu\u2019nun denizcilik tarihinde bir d\u00f6n\u00fcm noktas\u0131 oldu\u011funa dikkat \u00e7ekerek \u015funlar\u0131 s\u00f6yledi: &#8220;1 Temmuz 1926, Kurtulu\u015f Sava\u015f\u0131\u2019n\u0131n denizlerdeki zaferidir. Bu tarihte y\u00fcr\u00fcrl\u00fc\u011fe giren Kabotaj Kanunu ile yabanc\u0131 devletlerin denizlerimizden elde etti\u011fi say\u0131s\u0131z \u00e7\u0131karlara ve h\u00fck\u00fcmranl\u0131\u011fa son verilmi\u015ftir. K\u0131y\u0131lar\u0131m\u0131zdaki y\u00fck ve yolcu ta\u015f\u0131ma hakk\u0131, as\u0131l sahibi olan T\u00fcrk bayrakl\u0131 gemilere ve T\u00fcrkiye Cumhuriyeti vatanda\u015flar\u0131na ge\u00e7mi\u015ftir. Bu tarih, \u00fc\u00e7 taraf\u0131 denizlerle \u00e7evrili \u00fclkemizde modern denizcili\u011fin yeniden do\u011fdu\u011fu g\u00fcnd\u00fcr. Sevin\u00e7tir, gururdur, bayramd\u0131r&#8221;<\/p>\n<p>T\u00f6renin ard\u0131ndan protokol \u00fcyeleri, Fethiye Liman\u0131\u2019ndan tekneyle denize a\u00e7\u0131larak \u015fehit denizciler an\u0131s\u0131na denize \u00e7elenk b\u0131rakt\u0131. Kabotaj Bayram\u0131 etkinliklerinin g\u00fcn boyunca \u00e7e\u015fitli g\u00f6steriler ve yar\u0131\u015fmalarla devam edece\u011fi bildirildi.<\/p>\n<p>&#8220;\u015eehitlerimiz ad\u0131na denize \u00e7elenk b\u0131rakt\u0131k&#8221;<br \/>\n<br \/>Etkinliklerin ard\u0131ndan konu\u015fan Fethiye Kaymakam Vekili Mesut Yakuta, &#8220;Kutlamalar nedeniyle bir araya geldik. T\u00fcm \u015fehitlerimiz ad\u0131na denize \u00e7elenk b\u0131rakt\u0131k. Herkesin 1 Temmuz Denizcilik ve Kabotaj Bayram\u0131 kutlu olsun&#8221; dedi.<\/p>\n<p>&#8220;Denizcilik Ve Kabotaj Bayram\u0131 arolu\u015ftur&#8221;<br \/>\n<br \/>\u0130MEAK Deniz Ticaret Odas\u0131 Fethiye \u015eubesi Ba\u015fkan\u0131 \u0130lkay Tugay, &#8220;Etkinliklerimiz sabah t\u00f6renle ba\u015flad\u0131. Ard\u0131ndan denize \u00e7elenk b\u0131rakt\u0131k. Biz denizciler i\u00e7in 1 Temmuz Denizcilik ve Kabotaj Bayram\u0131 varolu\u015ftur. T\u00fcrkiye s\u0131n\u0131rlar\u0131 i\u00e7erisinde ticaret yapabiliyorsak bu kanuna bor\u00e7luyuz&#8221; dedi.<br \/><\/p>\n","protected":false},"excerpt":{"rendered":"<p>Fethiye\u2019de 1 Temmuz Denizcilik ve Kabotaj Bayram\u0131\u2019n\u0131n 99. y\u0131l\u0131 t\u00f6renle kutland\u0131. Be\u015fkaza Meydan\u0131\u2019nda d\u00fczenlenen t\u00f6renin ard\u0131ndan \u015fehitler i\u00e7in denize \u00e7elenk b\u0131rak\u0131ld\u0131. 1 Temmuz Denizcilik ve Kabotaj Bayram\u0131\u2019n\u0131n 99. y\u0131l d\u00f6n\u00fcm\u00fc nedeniyle Be\u015fkaza Meydan\u0131\u2019nda t\u00f6ren d\u00fczenlendi. T\u00f6rene Fethiye Kaymakam Vekili Mesut Yakuta, Fethiye Belediye Ba\u015fkan Vekili O\u011fuz Bolelli, Fethiye Liman Ba\u015fkan\u0131 \u00c7etin \u00c7ift\u00e7i, \u0130MEAK Deniz Ticaret&#8230;<\/p>\n","protected":false},"author":1,"featured_media":39130,"comment_status":"open","ping_status":"open","sticky":false,"template":"","format":"standard","meta":{"_crdt_document":"","footnotes":""},"categories":[1],"tags":[],"class_list":["post-39129","post","type-post","status-publish","format-standard","has-post-thumbnail","hentry","category-guncel"],"_links":{"self":[{"href":"https:\/\/www.egemtv.com\/index.php?rest_route=\/wp\/v2\/posts\/39129","targetHints":{"allow":["GET"]}}],"collection":[{"href":"https:\/\/www.egemtv.com\/index.php?rest_route=\/wp\/v2\/posts"}],"about":[{"href":"https:\/\/www.egemtv.com\/index.php?rest_route=\/wp\/v2\/types\/post"}],"author":[{"embeddable":true,"href":"https:\/\/www.egemtv.com\/index.php?rest_route=\/wp\/v2\/users\/1"}],"replies":[{"embeddable":true,"href":"https:\/\/www.egemtv.com\/index.php?rest_route=%2Fwp%2Fv2%2Fcomments&post=39129"}],"version-history":[{"count":1,"href":"https:\/\/www.egemtv.com\/index.php?rest_route=\/wp\/v2\/posts\/39129\/revisions"}],"predecessor-version":[{"id":39131,"href":"https:\/\/www.egemtv.com\/index.php?rest_route=\/wp\/v2\/posts\/39129\/revisions\/39131"}],"wp:featuredmedia":[{"embeddable":true,"href":"https:\/\/www.egemtv.com\/index.php?rest_route=\/wp\/v2\/media\/39130"}],"wp:attachment":[{"href":"https:\/\/www.egemtv.com\/index.php?rest_route=%2Fwp%2Fv2%2Fmedia&parent=39129"}],"wp:term":[{"taxonomy":"category","embeddable":true,"href":"https:\/\/www.egemtv.com\/index.php?rest_route=%2Fwp%2Fv2%2Fcategories&post=39129"},{"taxonomy":"post_tag","embeddable":true,"href":"https:\/\/www.egemtv.com\/index.php?rest_route=%2Fwp%2Fv2%2Ftags&post=39129"}],"curies":[{"name":"wp","href":"https:\/\/api.w.org\/{rel}","templated":true}]}}