{"id":39126,"date":"2025-07-01T12:36:34","date_gmt":"2025-07-01T09:36:34","guid":{"rendered":"https:\/\/www.egemtv.com\/?p=39126"},"modified":"2025-07-01T12:36:39","modified_gmt":"2025-07-01T09:36:39","slug":"honazda-47-kiraz-festivali-icin-geri-sayim-basladi","status":"publish","type":"post","link":"https:\/\/www.egemtv.com\/?p=39126","title":{"rendered":"Honaz\u2019da 47. Kiraz Festivali i\u00e7in geri say\u0131m ba\u015flad\u0131"},"content":{"rendered":"<p>7 Temmuz tarihlerinde d\u00fczenlenecek festivale davet eden Ba\u015fkan Y\u00fcksel Kepenek, &#8220;Honaz Belediyesi olarak 500 milyon TL\u2019lik yat\u0131r\u0131m yaparak, sosyal geli\u015fmi\u015flik a\u00e7\u0131s\u0131ndan Denizli\u2019de 3. s\u0131raya y\u00fckseldik&#8221; dedi.<\/p>\n<p>Denizli\u2019nin Honaz Belediyesi, 47. Kiraz Festivali i\u00e7in t\u00fcm haz\u0131rl\u0131klar\u0131n\u0131 tamamlad\u0131. 5-6-7 Temmuz 2025 tarihleri aras\u0131nda Honaz\u2019\u0131n do\u011fa harikas\u0131 G\u00f6z Piknik Alan\u0131nda d\u00fczenlenecek olan festival; konserler, halk oyunlar\u0131 ve \u00e7e\u015fitli etkinliklerle dolu dolu ge\u00e7ecek.<\/p>\n<p>Honaz Belediye Ba\u015fkan\u0131 Y\u00fcksel Kepenek, DGC Bas\u0131n Merkezinde d\u00fczenledi\u011fi toplant\u0131da festivalle ilgili detaylar\u0131 ve belediyenin ger\u00e7ekle\u015ftirdi\u011fi projeleri payla\u015ft\u0131. Ba\u015fkan Kepenek, festival alan\u0131n\u0131n b\u00fcy\u00fck yat\u0131r\u0131mlarla yeniden d\u00fczenlendi\u011fini belirterek, &#8220;G\u00f6z Piknik Alan\u0131\u2019n\u0131, halk\u0131m\u0131z\u0131n yaz\u0131n s\u0131cak g\u00fcnlerinde nefes alabilece\u011fi bir mesire alan\u0131 haline getirdik. G\u00f6lgesiyle, buz gibi suyuyla, oturma alanlar\u0131yla vatanda\u015flar\u0131m\u0131z i\u00e7in 1. s\u0131n\u0131f bir ya\u015fam alan\u0131 olu\u015fturduk. Kiraz Festivalimiz de burada, \u00fccretsiz olarak ger\u00e7ekle\u015ftirilecek. T\u00fcm halk\u0131m\u0131z davetlidir&#8221; dedi.<\/p>\n<p>Honaz\u2019a 500 milyonluk yat\u0131r\u0131m<br \/>\n<br \/>Toplant\u0131da belediyenin yat\u0131r\u0131mlar\u0131na da de\u011finen Ba\u015fkan Kepenek, bug\u00fcne kadar Honaz Belediyesinin bor\u00e7lanmadan yakla\u015f\u0131k 500 milyon TL\u2019lik yat\u0131r\u0131m ger\u00e7ekle\u015ftirdi\u011fini vurgulad\u0131. Belediyenin dikkat \u00e7eken projelerinden s\u00f6z eden Ba\u015fkan Kepenek, &#8220;18 mahallenin sosyal tesis sorunu \u00e7\u00f6z\u00fcld\u00fc, 16\u2019s\u0131 a\u00e7\u0131ld\u0131, 17\u2019ncisi Temmuz sonunda a\u00e7\u0131lacak. Kocaba\u015f Mahallesi\u2019nde yer alan Ya\u015fl\u0131 Rehabilitasyon Merkezinde, 114 ya\u015fl\u0131ya g\u00fcnl\u00fck kahvalt\u0131, fizik tedavi ve sosyal etkinlikler sunuluyor. Halk\u0131m\u0131z\u0131n hizmetine sundu\u011fumu Honaz Kent Lokantalar\u0131, 3 farkl\u0131 noktada uygun fiyatl\u0131 ve kaliteli yemek hizmeti veriliyor. \u0130l\u00e7emize kazand\u0131rd\u0131\u011f\u0131m\u0131z 2 tam kapasiteli kre\u015f, gece ge\u00e7 saatlere kadar a\u00e7\u0131k. Kad\u0131n istihdam\u0131na b\u00fcy\u00fck destek sa\u011flan\u0131yor. Yerel Tohum Merkezine 2 bine yak\u0131n ata tohumu kayda al\u0131nd\u0131, bu tohumlardan \u00fcretilen fideler 27 farkl\u0131 ile g\u00f6nderildi, Denizli\u2019de halka \u00fccretsiz da\u011f\u0131t\u0131l\u0131yor. Honaz Merkez Aile Sa\u011fl\u0131\u011f\u0131 ve Rehabilitasyon Merkezinde 3 y\u0131lda 8 bin 750 hasta tedavi edildi. \u0130htiya\u00e7 sahipleri evlerinden al\u0131n\u0131p tedavi sonras\u0131 tekrar evlerine b\u0131rak\u0131l\u0131yor. Ah\u0131skal\u0131 T\u00fcrklerin an\u0131s\u0131na 14 d\u00f6n\u00fcm arazi \u00fczerine kurulu bir park in\u015fa edildi&#8221; dedi.<\/p>\n<p>Honaz sosyal geli\u015fmi\u015flikte ilk 3\u2019te<br \/>\n<br \/>Y\u00fcksel Kepenek, Honaz\u2019\u0131n sosyal geli\u015fmi\u015flik a\u00e7\u0131s\u0131ndan Denizli\u2019de 3. s\u0131rada yer ald\u0131\u011f\u0131n\u0131, T\u00fcrkiye genelinde ise 973 il\u00e7e aras\u0131nda 192. s\u0131rada oldu\u011funu belirterek, &#8220;Denizli\u2019deki en yak\u0131n il\u00e7eye 92 s\u0131ra fark atm\u0131\u015f durumday\u0131z. Hedefimiz ilk 100\u2019e girmek&#8221; ifadelerini kulland\u0131.<\/p>\n<p>Honaz 47. Kiraz Festivalinde Serap \u00c7akmak\u2019\u0131n sunumuyla ba\u015flayacak etkinlikler kapsam\u0131nda her ak\u015fam sevilen sanat\u00e7\u0131lar sahne alacak. 5 Temmuz Cuma g\u00fcn\u00fc Necati ve Saykolar, 6 Temmuz Cumartesi g\u00fcn\u00fc Sayg\u0131n \u015eahin ve \u0130kilem, 7 Temmuz Pazar g\u00fcn\u00fc ise \u00f6d\u00fcll\u00fc halk oyunlar\u0131 g\u00f6sterisinin ard\u0131ndan Zara konseri Honazl\u0131larla bulu\u015facak.<br \/><\/p>\n","protected":false},"excerpt":{"rendered":"<p>7 Temmuz tarihlerinde d\u00fczenlenecek festivale davet eden Ba\u015fkan Y\u00fcksel Kepenek, &#8220;Honaz Belediyesi olarak 500 milyon TL\u2019lik yat\u0131r\u0131m yaparak, sosyal geli\u015fmi\u015flik a\u00e7\u0131s\u0131ndan Denizli\u2019de 3. s\u0131raya y\u00fckseldik&#8221; dedi. Denizli\u2019nin Honaz Belediyesi, 47. Kiraz Festivali i\u00e7in t\u00fcm haz\u0131rl\u0131klar\u0131n\u0131 tamamlad\u0131. 5-6-7 Temmuz 2025 tarihleri aras\u0131nda Honaz\u2019\u0131n do\u011fa harikas\u0131 G\u00f6z Piknik Alan\u0131nda d\u00fczenlenecek olan festival; konserler, halk oyunlar\u0131 ve \u00e7e\u015fitli&#8230;<\/p>\n","protected":false},"author":1,"featured_media":39127,"comment_status":"open","ping_status":"open","sticky":false,"template":"","format":"standard","meta":{"_crdt_document":"","footnotes":""},"categories":[1],"tags":[],"class_list":["post-39126","post","type-post","status-publish","format-standard","has-post-thumbnail","hentry","category-guncel"],"_links":{"self":[{"href":"https:\/\/www.egemtv.com\/index.php?rest_route=\/wp\/v2\/posts\/39126","targetHints":{"allow":["GET"]}}],"collection":[{"href":"https:\/\/www.egemtv.com\/index.php?rest_route=\/wp\/v2\/posts"}],"about":[{"href":"https:\/\/www.egemtv.com\/index.php?rest_route=\/wp\/v2\/types\/post"}],"author":[{"embeddable":true,"href":"https:\/\/www.egemtv.com\/index.php?rest_route=\/wp\/v2\/users\/1"}],"replies":[{"embeddable":true,"href":"https:\/\/www.egemtv.com\/index.php?rest_route=%2Fwp%2Fv2%2Fcomments&post=39126"}],"version-history":[{"count":1,"href":"https:\/\/www.egemtv.com\/index.php?rest_route=\/wp\/v2\/posts\/39126\/revisions"}],"predecessor-version":[{"id":39128,"href":"https:\/\/www.egemtv.com\/index.php?rest_route=\/wp\/v2\/posts\/39126\/revisions\/39128"}],"wp:featuredmedia":[{"embeddable":true,"href":"https:\/\/www.egemtv.com\/index.php?rest_route=\/wp\/v2\/media\/39127"}],"wp:attachment":[{"href":"https:\/\/www.egemtv.com\/index.php?rest_route=%2Fwp%2Fv2%2Fmedia&parent=39126"}],"wp:term":[{"taxonomy":"category","embeddable":true,"href":"https:\/\/www.egemtv.com\/index.php?rest_route=%2Fwp%2Fv2%2Fcategories&post=39126"},{"taxonomy":"post_tag","embeddable":true,"href":"https:\/\/www.egemtv.com\/index.php?rest_route=%2Fwp%2Fv2%2Ftags&post=39126"}],"curies":[{"name":"wp","href":"https:\/\/api.w.org\/{rel}","templated":true}]}}