{"id":39123,"date":"2025-07-01T12:36:29","date_gmt":"2025-07-01T09:36:29","guid":{"rendered":"https:\/\/www.egemtv.com\/?p=39123"},"modified":"2025-07-01T12:36:34","modified_gmt":"2025-07-01T09:36:34","slug":"manisa-fkda-10-futbolcunun-sozlesmesi-sona-erdi","status":"publish","type":"post","link":"https:\/\/www.egemtv.com\/?p=39123","title":{"rendered":"Manisa FK\u2019da 10 futbolcunun s\u00f6zle\u015fmesi sona erdi"},"content":{"rendered":"<p>Trendyol 1. Lig ekiplerinden Manisa FK, s\u00f6zle\u015fmeleri biten 10 futbolcusuna veda etti.<br \/>\n<br \/>Trendyol 1. Lig 2025-2026 sezonu haz\u0131rl\u0131klar\u0131na Manisa Fikri Bayr\u0131l Spor Tesisleri\u2019nde devam eden Manisa FK, s\u00f6zle\u015fmesi biten 10 oyuncusuna veda etti. Kul\u00fcpten yap\u0131lan a\u00e7\u0131klamada, &#8220;Manisa Futbol Kul\u00fcb\u00fcm\u00fcz ile s\u00f6zle\u015fmeleri sona eren O\u011fuz G\u00fcrbulak, Kaan Kanak, Alperen Uysal, Oktay G\u00fcrdal, Moryke Fofana, Daniel Ramirez, Georgi Minchev, Birama Toure, Bede Osuji ve Armin Hodzic\u2019e kul\u00fcb\u00fcm\u00fcze vermi\u015f olduklar\u0131 emeklerden dolay\u0131 te\u015fekk\u00fcr ediyor, bundan sonraki kariyerlerinde ba\u015far\u0131lar diliyoruz&#8221; ifadelerine yer verildi.<br \/><\/p>\n","protected":false},"excerpt":{"rendered":"<p>Trendyol 1. Lig ekiplerinden Manisa FK, s\u00f6zle\u015fmeleri biten 10 futbolcusuna veda etti. Trendyol 1. Lig 2025-2026 sezonu haz\u0131rl\u0131klar\u0131na Manisa Fikri Bayr\u0131l Spor Tesisleri\u2019nde devam eden Manisa FK, s\u00f6zle\u015fmesi biten 10 oyuncusuna veda etti. Kul\u00fcpten yap\u0131lan a\u00e7\u0131klamada, &#8220;Manisa Futbol Kul\u00fcb\u00fcm\u00fcz ile s\u00f6zle\u015fmeleri sona eren O\u011fuz G\u00fcrbulak, Kaan Kanak, Alperen Uysal, Oktay G\u00fcrdal, Moryke Fofana, Daniel Ramirez,&#8230;<\/p>\n","protected":false},"author":1,"featured_media":39124,"comment_status":"open","ping_status":"open","sticky":false,"template":"","format":"standard","meta":{"_crdt_document":"","footnotes":""},"categories":[4],"tags":[],"class_list":["post-39123","post","type-post","status-publish","format-standard","has-post-thumbnail","hentry","category-spor"],"_links":{"self":[{"href":"https:\/\/www.egemtv.com\/index.php?rest_route=\/wp\/v2\/posts\/39123","targetHints":{"allow":["GET"]}}],"collection":[{"href":"https:\/\/www.egemtv.com\/index.php?rest_route=\/wp\/v2\/posts"}],"about":[{"href":"https:\/\/www.egemtv.com\/index.php?rest_route=\/wp\/v2\/types\/post"}],"author":[{"embeddable":true,"href":"https:\/\/www.egemtv.com\/index.php?rest_route=\/wp\/v2\/users\/1"}],"replies":[{"embeddable":true,"href":"https:\/\/www.egemtv.com\/index.php?rest_route=%2Fwp%2Fv2%2Fcomments&post=39123"}],"version-history":[{"count":1,"href":"https:\/\/www.egemtv.com\/index.php?rest_route=\/wp\/v2\/posts\/39123\/revisions"}],"predecessor-version":[{"id":39125,"href":"https:\/\/www.egemtv.com\/index.php?rest_route=\/wp\/v2\/posts\/39123\/revisions\/39125"}],"wp:featuredmedia":[{"embeddable":true,"href":"https:\/\/www.egemtv.com\/index.php?rest_route=\/wp\/v2\/media\/39124"}],"wp:attachment":[{"href":"https:\/\/www.egemtv.com\/index.php?rest_route=%2Fwp%2Fv2%2Fmedia&parent=39123"}],"wp:term":[{"taxonomy":"category","embeddable":true,"href":"https:\/\/www.egemtv.com\/index.php?rest_route=%2Fwp%2Fv2%2Fcategories&post=39123"},{"taxonomy":"post_tag","embeddable":true,"href":"https:\/\/www.egemtv.com\/index.php?rest_route=%2Fwp%2Fv2%2Ftags&post=39123"}],"curies":[{"name":"wp","href":"https:\/\/api.w.org\/{rel}","templated":true}]}}