{"id":39120,"date":"2025-07-01T12:36:24","date_gmt":"2025-07-01T09:36:24","guid":{"rendered":"https:\/\/www.egemtv.com\/?p=39120"},"modified":"2025-07-01T12:36:29","modified_gmt":"2025-07-01T09:36:29","slug":"karacasunun-gozde-yaylasinda-temizlik-mesaisi","status":"publish","type":"post","link":"https:\/\/www.egemtv.com\/?p=39120","title":{"rendered":"Karacasu\u2019nun g\u00f6zde yaylas\u0131nda temizlik mesaisi"},"content":{"rendered":"<p>Ayd\u0131n\u2019\u0131n Karacasu il\u00e7esinde bulunan Suba\u015f\u0131 Yaylas\u0131\u2019nda belediye ekipleri kuru ot ve \u00e7evre temizli\u011fi \u00e7al\u0131\u015fmas\u0131 ger\u00e7ekle\u015ftirdi.<\/p>\n<p>Karacasu Belediyesi, il\u00e7e genelindeki \u00e7evre d\u00fczenleme ve ot bi\u00e7me \u00e7al\u0131\u015fmalar\u0131n\u0131 aral\u0131ks\u0131z s\u00fcrd\u00fcr\u00fcyor. \u00d6zellikle yaz aylar\u0131nda vatanda\u015flar\u0131n yo\u011fun olarak tercih etti\u011fi Suba\u015f\u0131 Yaylas\u0131\u2019nda \u00e7al\u0131\u015fmalar\u0131na devam eden belediye ekipleri, b\u00f6lgedeki kuru otlar\u0131 bi\u00e7ti. Park ve bah\u00e7elerde de temizlik ve \u00e7evre d\u00fczenlemesi yapan ekiplerin \u00e7al\u0131\u015fmalar\u0131n\u0131 tamamlamalar\u0131n\u0131n ard\u0131ndan yayla, daha temiz ve kullan\u0131\u015fl\u0131 hale gelecek.<\/p>\n<p>\u00c7ocuk oyun alanlar\u0131 ba\u015fta olmak \u00fczere yayla genelindeki kurumu\u015f otlar\u0131 dikkatlice bi\u00e7erek \u00e7evre temizli\u011fi ger\u00e7ekle\u015ftiren ekiplerin, hem yang\u0131n riskinin azalt\u0131lmas\u0131 hem de il\u00e7enin estetik g\u00f6r\u00fcn\u00fcm\u00fcn\u00fcn korunmas\u0131 amac\u0131yla \u00e7al\u0131\u015fmalar\u0131na il\u00e7e genelinde devam edece\u011fi \u00f6\u011frenildi. Karacasu Belediyesi, il\u00e7enin daha ferah ve g\u00fcvenli bir g\u00f6r\u00fcn\u00fcme kavu\u015fmas\u0131 i\u00e7in \u00e7al\u0131\u015fmalar\u0131n titizlikle devam etti\u011fini vurgulayarak yapt\u0131\u011f\u0131 a\u00e7\u0131klamada &#8220;Ekiplerimiz, Suba\u015f\u0131 Yaylas\u0131\u2019nda ot bi\u00e7me \u00e7al\u0131\u015fmalar\u0131na \u00f6zenle devam ediyor. Yaylam\u0131z\u0131n daha temiz ve ferah bir g\u00f6r\u00fcn\u00fcme kavu\u015fmas\u0131 i\u00e7in sahaday\u0131z&#8221; ifadelerine yer verdi.<br \/><\/p>\n","protected":false},"excerpt":{"rendered":"<p>Ayd\u0131n\u2019\u0131n Karacasu il\u00e7esinde bulunan Suba\u015f\u0131 Yaylas\u0131\u2019nda belediye ekipleri kuru ot ve \u00e7evre temizli\u011fi \u00e7al\u0131\u015fmas\u0131 ger\u00e7ekle\u015ftirdi. Karacasu Belediyesi, il\u00e7e genelindeki \u00e7evre d\u00fczenleme ve ot bi\u00e7me \u00e7al\u0131\u015fmalar\u0131n\u0131 aral\u0131ks\u0131z s\u00fcrd\u00fcr\u00fcyor. \u00d6zellikle yaz aylar\u0131nda vatanda\u015flar\u0131n yo\u011fun olarak tercih etti\u011fi Suba\u015f\u0131 Yaylas\u0131\u2019nda \u00e7al\u0131\u015fmalar\u0131na devam eden belediye ekipleri, b\u00f6lgedeki kuru otlar\u0131 bi\u00e7ti. Park ve bah\u00e7elerde de temizlik ve \u00e7evre d\u00fczenlemesi yapan&#8230;<\/p>\n","protected":false},"author":1,"featured_media":39121,"comment_status":"open","ping_status":"open","sticky":false,"template":"","format":"standard","meta":{"_crdt_document":"","footnotes":""},"categories":[1],"tags":[],"class_list":["post-39120","post","type-post","status-publish","format-standard","has-post-thumbnail","hentry","category-guncel"],"_links":{"self":[{"href":"https:\/\/www.egemtv.com\/index.php?rest_route=\/wp\/v2\/posts\/39120","targetHints":{"allow":["GET"]}}],"collection":[{"href":"https:\/\/www.egemtv.com\/index.php?rest_route=\/wp\/v2\/posts"}],"about":[{"href":"https:\/\/www.egemtv.com\/index.php?rest_route=\/wp\/v2\/types\/post"}],"author":[{"embeddable":true,"href":"https:\/\/www.egemtv.com\/index.php?rest_route=\/wp\/v2\/users\/1"}],"replies":[{"embeddable":true,"href":"https:\/\/www.egemtv.com\/index.php?rest_route=%2Fwp%2Fv2%2Fcomments&post=39120"}],"version-history":[{"count":1,"href":"https:\/\/www.egemtv.com\/index.php?rest_route=\/wp\/v2\/posts\/39120\/revisions"}],"predecessor-version":[{"id":39122,"href":"https:\/\/www.egemtv.com\/index.php?rest_route=\/wp\/v2\/posts\/39120\/revisions\/39122"}],"wp:featuredmedia":[{"embeddable":true,"href":"https:\/\/www.egemtv.com\/index.php?rest_route=\/wp\/v2\/media\/39121"}],"wp:attachment":[{"href":"https:\/\/www.egemtv.com\/index.php?rest_route=%2Fwp%2Fv2%2Fmedia&parent=39120"}],"wp:term":[{"taxonomy":"category","embeddable":true,"href":"https:\/\/www.egemtv.com\/index.php?rest_route=%2Fwp%2Fv2%2Fcategories&post=39120"},{"taxonomy":"post_tag","embeddable":true,"href":"https:\/\/www.egemtv.com\/index.php?rest_route=%2Fwp%2Fv2%2Ftags&post=39120"}],"curies":[{"name":"wp","href":"https:\/\/api.w.org\/{rel}","templated":true}]}}