{"id":39117,"date":"2025-07-01T12:36:19","date_gmt":"2025-07-01T09:36:19","guid":{"rendered":"https:\/\/www.egemtv.com\/?p=39117"},"modified":"2025-07-01T12:36:24","modified_gmt":"2025-07-01T09:36:24","slug":"baskan-cercioglundan-anlamli-destek","status":"publish","type":"post","link":"https:\/\/www.egemtv.com\/?p=39117","title":{"rendered":"Ba\u015fkan \u00c7er\u00e7io\u011flu\u2019ndan anlaml\u0131 destek"},"content":{"rendered":"<p>Ayd\u0131n B\u00fcy\u00fck\u015fehir Belediyesi, t\u00fcm T\u00fcrkiye\u2019de \u00f6rnek g\u00f6sterilen otizmli bireylere y\u00f6nelik hayata ge\u00e7irilen projelerine h\u0131z kesmeden s\u00fcrd\u00fcr\u00fcyor.<br \/>\n<br \/>Bilimsel olarak otizm \u00fczerindeki olumlu etkileri ortaya konan y\u00fczme e\u011fitimleri, \u00f6zel \u00e7ocuklar i\u00e7in bu y\u0131l da devam ediyor. Tamamen \u00fccretsiz olan kurslar sayesinde \u00e7ocuklar hem y\u00fczme \u00f6\u011freniyor hem de motor becerilerini geli\u015ftiriyor.<br \/>\n<br \/>Otizmli bireylerin ya\u015fam kalitesini art\u0131rmak amac\u0131yla y\u00fcr\u00fct\u00fclen \u00e7al\u0131\u015fmalar\u0131n artarak s\u00fcrece\u011fini belirten Ayd\u0131n B\u00fcy\u00fck\u015fehir Belediye Ba\u015fkan\u0131 \u00d6zlem \u00c7er\u00e7io\u011flu, &#8220;Otizmli bireylerimizin hayatlar\u0131n\u0131 kolayla\u015ft\u0131rmak, onlar\u0131n sosyal ya\u015famda daha g\u00fc\u00e7l\u00fc yer almalar\u0131n\u0131 sa\u011flamak i\u00e7in \u00e7al\u0131\u015f\u0131yoruz. Otizmin fark\u0131nday\u0131z ve bu fark\u0131ndal\u0131\u011f\u0131 toplumun her kesimine yaymakta kararl\u0131y\u0131z. \u00c7ocuklar\u0131m\u0131z i\u00e7in projelerimiz s\u00fcrecek&#8221; ifadelerini kulland\u0131.<br \/>\n<br \/>Y\u00fczme kurslar\u0131na kat\u0131lan \u00e7ocuklar\u0131n\u0131n geli\u015fiminden duyduklar\u0131 memnuniyeti dile getiren veliler ise Ba\u015fkan \u00c7er\u00e7io\u011flu\u2019na te\u015fekk\u00fcr etti ve sa\u011flanan bu imkan\u0131n \u00e7ocuklar\u0131 i\u00e7in \u00e7ok k\u0131ymetli oldu\u011funu belirtti.<br \/><\/p>\n","protected":false},"excerpt":{"rendered":"<p>Ayd\u0131n B\u00fcy\u00fck\u015fehir Belediyesi, t\u00fcm T\u00fcrkiye\u2019de \u00f6rnek g\u00f6sterilen otizmli bireylere y\u00f6nelik hayata ge\u00e7irilen projelerine h\u0131z kesmeden s\u00fcrd\u00fcr\u00fcyor. Bilimsel olarak otizm \u00fczerindeki olumlu etkileri ortaya konan y\u00fczme e\u011fitimleri, \u00f6zel \u00e7ocuklar i\u00e7in bu y\u0131l da devam ediyor. Tamamen \u00fccretsiz olan kurslar sayesinde \u00e7ocuklar hem y\u00fczme \u00f6\u011freniyor hem de motor becerilerini geli\u015ftiriyor. Otizmli bireylerin ya\u015fam kalitesini art\u0131rmak amac\u0131yla y\u00fcr\u00fct\u00fclen&#8230;<\/p>\n","protected":false},"author":1,"featured_media":39118,"comment_status":"open","ping_status":"open","sticky":false,"template":"","format":"standard","meta":{"_crdt_document":"","footnotes":""},"categories":[1],"tags":[],"class_list":["post-39117","post","type-post","status-publish","format-standard","has-post-thumbnail","hentry","category-guncel"],"_links":{"self":[{"href":"https:\/\/www.egemtv.com\/index.php?rest_route=\/wp\/v2\/posts\/39117","targetHints":{"allow":["GET"]}}],"collection":[{"href":"https:\/\/www.egemtv.com\/index.php?rest_route=\/wp\/v2\/posts"}],"about":[{"href":"https:\/\/www.egemtv.com\/index.php?rest_route=\/wp\/v2\/types\/post"}],"author":[{"embeddable":true,"href":"https:\/\/www.egemtv.com\/index.php?rest_route=\/wp\/v2\/users\/1"}],"replies":[{"embeddable":true,"href":"https:\/\/www.egemtv.com\/index.php?rest_route=%2Fwp%2Fv2%2Fcomments&post=39117"}],"version-history":[{"count":1,"href":"https:\/\/www.egemtv.com\/index.php?rest_route=\/wp\/v2\/posts\/39117\/revisions"}],"predecessor-version":[{"id":39119,"href":"https:\/\/www.egemtv.com\/index.php?rest_route=\/wp\/v2\/posts\/39117\/revisions\/39119"}],"wp:featuredmedia":[{"embeddable":true,"href":"https:\/\/www.egemtv.com\/index.php?rest_route=\/wp\/v2\/media\/39118"}],"wp:attachment":[{"href":"https:\/\/www.egemtv.com\/index.php?rest_route=%2Fwp%2Fv2%2Fmedia&parent=39117"}],"wp:term":[{"taxonomy":"category","embeddable":true,"href":"https:\/\/www.egemtv.com\/index.php?rest_route=%2Fwp%2Fv2%2Fcategories&post=39117"},{"taxonomy":"post_tag","embeddable":true,"href":"https:\/\/www.egemtv.com\/index.php?rest_route=%2Fwp%2Fv2%2Ftags&post=39117"}],"curies":[{"name":"wp","href":"https:\/\/api.w.org\/{rel}","templated":true}]}}