{"id":39111,"date":"2025-07-01T11:56:26","date_gmt":"2025-07-01T08:56:26","guid":{"rendered":"https:\/\/www.egemtv.com\/?p=39111"},"modified":"2025-07-01T11:56:34","modified_gmt":"2025-07-01T08:56:34","slug":"organ-bagisi-3-hastaya-umut-oldu","status":"publish","type":"post","link":"https:\/\/www.egemtv.com\/?p=39111","title":{"rendered":"Organ ba\u011f\u0131\u015f\u0131 3 hastaya umut oldu"},"content":{"rendered":"<p>Afyonkarahisar Devlet Hastanesi\u2019nde beyin \u00f6l\u00fcm\u00fc ger\u00e7ekle\u015fen bir hastan\u0131n organlar\u0131n\u0131n ba\u011f\u0131\u015flanmas\u0131yla \u00fc\u00e7 ayr\u0131 hasta yeniden hayata tutunacak.<br \/>\n<br \/>Merhumun ailesinin \u00f6rnek te\u015fkil eden onay\u0131yla al\u0131nan organlar, zamanla yar\u0131\u015fan sa\u011fl\u0131k ekiplerinin \u00f6zverili \u00e7al\u0131\u015fmas\u0131yla h\u0131zla al\u0131c\u0131lara ula\u015ft\u0131r\u0131ld\u0131. Bir karaci\u011fer ve iki b\u00f6brek, nakil bekleyen hastalara ba\u015far\u0131yla transfer edilirken, al\u0131nan bir kornea da g\u00f6rme yetisini kaybetmi\u015f bir hastan\u0131n yeniden \u0131\u015f\u0131\u011fa kavu\u015fabilmesi amac\u0131yla Afyonkarahisar Sa\u011fl\u0131k Bilimleri \u00dcniversitesi (AFS\u00dc) Kornea Bankas\u0131na g\u00f6nderildi.<br \/>\n<br \/>\u0130l Sa\u011fl\u0131k M\u00fcd\u00fcr\u00fc Dr. Hakk\u0131 \u00d6zt\u00fcrk yapt\u0131\u011f\u0131 a\u00e7\u0131klamada, &#8220;Ger\u00e7ekle\u015ftirilen bu anlaml\u0131 ba\u011f\u0131\u015f \u00fc\u00e7 hastam\u0131za umut oldu. Bir karaci\u011fer ve iki b\u00f6brek, organ nakli bekleyen bireylere ula\u015ft\u0131r\u0131ld\u0131. Ayr\u0131ca bir kornea da ilerleyen s\u00fcre\u00e7te yeniden g\u00f6rebilmeyi bekleyen bir hastaya ula\u015ft\u0131r\u0131lmak \u00fczere Kornea Bankas\u0131\u2019na teslim edildi. \u0130nsan hayat\u0131na dokunan bu hayati s\u00fcre\u00e7te eme\u011fi ge\u00e7en her bir sa\u011fl\u0131k \u00e7al\u0131\u015fan\u0131m\u0131zla gurur duyuyoruz. Onlar\u0131n titiz, koordineli ve \u00f6zverili \u00e7al\u0131\u015fmalar\u0131, sa\u011fl\u0131k sistemimizin g\u00fcc\u00fcn\u00fc bir kez daha g\u00f6stermi\u015ftir&#8221; dedi.<br \/><\/p>\n","protected":false},"excerpt":{"rendered":"<p>Afyonkarahisar Devlet Hastanesi\u2019nde beyin \u00f6l\u00fcm\u00fc ger\u00e7ekle\u015fen bir hastan\u0131n organlar\u0131n\u0131n ba\u011f\u0131\u015flanmas\u0131yla \u00fc\u00e7 ayr\u0131 hasta yeniden hayata tutunacak. Merhumun ailesinin \u00f6rnek te\u015fkil eden onay\u0131yla al\u0131nan organlar, zamanla yar\u0131\u015fan sa\u011fl\u0131k ekiplerinin \u00f6zverili \u00e7al\u0131\u015fmas\u0131yla h\u0131zla al\u0131c\u0131lara ula\u015ft\u0131r\u0131ld\u0131. Bir karaci\u011fer ve iki b\u00f6brek, nakil bekleyen hastalara ba\u015far\u0131yla transfer edilirken, al\u0131nan bir kornea da g\u00f6rme yetisini kaybetmi\u015f bir hastan\u0131n yeniden \u0131\u015f\u0131\u011fa&#8230;<\/p>\n","protected":false},"author":1,"featured_media":39112,"comment_status":"open","ping_status":"open","sticky":false,"template":"","format":"standard","meta":{"_crdt_document":"","footnotes":""},"categories":[2],"tags":[],"class_list":["post-39111","post","type-post","status-publish","format-standard","has-post-thumbnail","hentry","category-saglik"],"_links":{"self":[{"href":"https:\/\/www.egemtv.com\/index.php?rest_route=\/wp\/v2\/posts\/39111","targetHints":{"allow":["GET"]}}],"collection":[{"href":"https:\/\/www.egemtv.com\/index.php?rest_route=\/wp\/v2\/posts"}],"about":[{"href":"https:\/\/www.egemtv.com\/index.php?rest_route=\/wp\/v2\/types\/post"}],"author":[{"embeddable":true,"href":"https:\/\/www.egemtv.com\/index.php?rest_route=\/wp\/v2\/users\/1"}],"replies":[{"embeddable":true,"href":"https:\/\/www.egemtv.com\/index.php?rest_route=%2Fwp%2Fv2%2Fcomments&post=39111"}],"version-history":[{"count":1,"href":"https:\/\/www.egemtv.com\/index.php?rest_route=\/wp\/v2\/posts\/39111\/revisions"}],"predecessor-version":[{"id":39113,"href":"https:\/\/www.egemtv.com\/index.php?rest_route=\/wp\/v2\/posts\/39111\/revisions\/39113"}],"wp:featuredmedia":[{"embeddable":true,"href":"https:\/\/www.egemtv.com\/index.php?rest_route=\/wp\/v2\/media\/39112"}],"wp:attachment":[{"href":"https:\/\/www.egemtv.com\/index.php?rest_route=%2Fwp%2Fv2%2Fmedia&parent=39111"}],"wp:term":[{"taxonomy":"category","embeddable":true,"href":"https:\/\/www.egemtv.com\/index.php?rest_route=%2Fwp%2Fv2%2Fcategories&post=39111"},{"taxonomy":"post_tag","embeddable":true,"href":"https:\/\/www.egemtv.com\/index.php?rest_route=%2Fwp%2Fv2%2Ftags&post=39111"}],"curies":[{"name":"wp","href":"https:\/\/api.w.org\/{rel}","templated":true}]}}