{"id":39108,"date":"2025-07-01T11:56:22","date_gmt":"2025-07-01T08:56:22","guid":{"rendered":"https:\/\/www.egemtv.com\/?p=39108"},"modified":"2025-07-01T11:56:26","modified_gmt":"2025-07-01T08:56:26","slug":"turkiyenin-ilk-ve-tek-universiteli-bicakcilari-sahaya-iniyor","status":"publish","type":"post","link":"https:\/\/www.egemtv.com\/?p=39108","title":{"rendered":"T\u00fcrkiye\u2019nin ilk ve tek \u00fcniversiteli b\u0131\u00e7ak\u00e7\u0131lar\u0131 sahaya iniyor"},"content":{"rendered":"<p>DEN\u0130ZL\u0130 (\u0130HA) \u2013 Denizli\u2019de Serinhisar MYO\u2019nun T\u00fcrkiye\u2019de ilk ve tek olan B\u0131\u00e7ak\u00e7\u0131l\u0131k ve El Aletleri \u00dcretim Teknolojisi Program\u0131 ilk mezunlar\u0131n\u0131 verdi.<\/p>\n<p>Pamukkale \u00dcniversitesi (PA\u00dc) Serinhisar Meslek Y\u00fcksekokulu (MYO), 2024-2025 akademik y\u0131l\u0131 mezunlar\u0131n\u0131 g\u00f6rkemli bir t\u00f6renle gelece\u011fe u\u011furlad\u0131. Ayr\u0131ca T\u00fcrkiye\u2019de ilk ve tek akademik program olan B\u0131\u00e7ak\u00e7\u0131l\u0131k ve El Aletleri \u00dcretim Teknolojisi Program\u0131 da bu y\u0131l ilk mezunlar\u0131n\u0131 verdi. T\u00f6rene Pamukkale \u00dcniversitesi Rekt\u00f6r Yard\u0131mc\u0131s\u0131 Prof. Dr. Mehmet \u0130nel, Teknoloji Fak\u00fcltesi Dekan\u0131 ve Pamukkale Teknokent Genel M\u00fcd\u00fcr\u00fc Prof. Dr. \u0130smail Oval\u0131, Hay\u0131rsever \u0130\u015f \u0130nsan\u0131 Cevriye Esen\u2019i temsilen Nizamettin Ekiz ve Serinhisar MYO M\u00fcd\u00fcr\u00fc Do\u00e7. Dr. Engin Tan\u2019\u0131n yan\u0131 s\u0131ra \u00e7ok say\u0131da akademisyen, idari personel ve mezun \u00f6\u011frenci aileleri kat\u0131l\u0131m g\u00f6sterdi. T\u00f6ren, okul birincisi Nuray Y\u00f6nezer\u2019in t\u00fcm mezunlar ad\u0131na yapt\u0131\u011f\u0131 duygu dolu konu\u015fma ve ismini mezuniyet k\u00fct\u00fc\u011f\u00fcne \u00e7akmas\u0131yla ba\u015flad\u0131.<\/p>\n<p>Serinhisar MYO M\u00fcd\u00fcr\u00fc Do\u00e7. Dr. Engin Tan, yapt\u0131\u011f\u0131 a\u00e7\u0131l\u0131\u015f konu\u015fmas\u0131nda \u00f6\u011frencilere sunduklar\u0131 nitelikli akademik e\u011fitimin alt\u0131n\u0131 \u00e7izdi. Tan, &#8220;Amac\u0131m\u0131z; vatan\u0131na ve milletine hizmet edecek, mesle\u011finde ba\u015far\u0131l\u0131, d\u00fcr\u00fcst, idealist ve \u00e7al\u0131\u015fkan bir nesil yeti\u015ftirmektir. Serinhisar MYO ailesi olarak bu hedefe ula\u015fmak i\u00e7in var g\u00fcc\u00fcm\u00fczle \u00e7al\u0131\u015ft\u0131k&#8221; ifadelerini kulland\u0131.<\/p>\n<p>Pamukkale \u00dcniversitesi Rekt\u00f6r Yard\u0131mc\u0131s\u0131 Prof. Dr. Mehmet \u0130nel ise gen\u00e7lere kariyer yolculuklar\u0131nda emekle ve emin ad\u0131mlarla ilerlemelerini tavsiye ederken, bu s\u00fcre\u00e7te en b\u00fcy\u00fck destek\u00e7ileri olan ailelere de te\u015fekk\u00fcrlerini sundu.<\/p>\n<p>Konu\u015fmalar\u0131n ard\u0131ndan dereceye giren \u00f6\u011frencilere hediye ve belgeleri takdim edildi. T\u00f6renin en co\u015fkulu anlar\u0131 ise t\u00fcm mezunlar\u0131n sahneye davet edilerek mezuniyet belgelerini almas\u0131 ve ard\u0131ndan keplerini hep birlikte havaya f\u0131rlatmas\u0131yla ya\u015fand\u0131. Protokol \u00fcyeleri ve akademisyenler de \u00f6\u011frencilerin bu unutulmaz an\u0131na e\u015flik etti.<br \/><\/p>\n","protected":false},"excerpt":{"rendered":"<p>DEN\u0130ZL\u0130 (\u0130HA) \u2013 Denizli\u2019de Serinhisar MYO\u2019nun T\u00fcrkiye\u2019de ilk ve tek olan B\u0131\u00e7ak\u00e7\u0131l\u0131k ve El Aletleri \u00dcretim Teknolojisi Program\u0131 ilk mezunlar\u0131n\u0131 verdi. Pamukkale \u00dcniversitesi (PA\u00dc) Serinhisar Meslek Y\u00fcksekokulu (MYO), 2024-2025 akademik y\u0131l\u0131 mezunlar\u0131n\u0131 g\u00f6rkemli bir t\u00f6renle gelece\u011fe u\u011furlad\u0131. Ayr\u0131ca T\u00fcrkiye\u2019de ilk ve tek akademik program olan B\u0131\u00e7ak\u00e7\u0131l\u0131k ve El Aletleri \u00dcretim Teknolojisi Program\u0131 da bu y\u0131l&#8230;<\/p>\n","protected":false},"author":1,"featured_media":39109,"comment_status":"open","ping_status":"open","sticky":false,"template":"","format":"standard","meta":{"_crdt_document":"","footnotes":""},"categories":[124],"tags":[],"class_list":["post-39108","post","type-post","status-publish","format-standard","has-post-thumbnail","hentry","category-bilim"],"_links":{"self":[{"href":"https:\/\/www.egemtv.com\/index.php?rest_route=\/wp\/v2\/posts\/39108","targetHints":{"allow":["GET"]}}],"collection":[{"href":"https:\/\/www.egemtv.com\/index.php?rest_route=\/wp\/v2\/posts"}],"about":[{"href":"https:\/\/www.egemtv.com\/index.php?rest_route=\/wp\/v2\/types\/post"}],"author":[{"embeddable":true,"href":"https:\/\/www.egemtv.com\/index.php?rest_route=\/wp\/v2\/users\/1"}],"replies":[{"embeddable":true,"href":"https:\/\/www.egemtv.com\/index.php?rest_route=%2Fwp%2Fv2%2Fcomments&post=39108"}],"version-history":[{"count":1,"href":"https:\/\/www.egemtv.com\/index.php?rest_route=\/wp\/v2\/posts\/39108\/revisions"}],"predecessor-version":[{"id":39110,"href":"https:\/\/www.egemtv.com\/index.php?rest_route=\/wp\/v2\/posts\/39108\/revisions\/39110"}],"wp:featuredmedia":[{"embeddable":true,"href":"https:\/\/www.egemtv.com\/index.php?rest_route=\/wp\/v2\/media\/39109"}],"wp:attachment":[{"href":"https:\/\/www.egemtv.com\/index.php?rest_route=%2Fwp%2Fv2%2Fmedia&parent=39108"}],"wp:term":[{"taxonomy":"category","embeddable":true,"href":"https:\/\/www.egemtv.com\/index.php?rest_route=%2Fwp%2Fv2%2Fcategories&post=39108"},{"taxonomy":"post_tag","embeddable":true,"href":"https:\/\/www.egemtv.com\/index.php?rest_route=%2Fwp%2Fv2%2Ftags&post=39108"}],"curies":[{"name":"wp","href":"https:\/\/api.w.org\/{rel}","templated":true}]}}