{"id":39105,"date":"2025-07-01T11:56:18","date_gmt":"2025-07-01T08:56:18","guid":{"rendered":"https:\/\/www.egemtv.com\/?p=39105"},"modified":"2025-07-01T11:56:21","modified_gmt":"2025-07-01T08:56:21","slug":"freni-tutmayan-minibus-devrildi-6-yarali","status":"publish","type":"post","link":"https:\/\/www.egemtv.com\/?p=39105","title":{"rendered":"Freni tutmayan minib\u00fcs devrildi: 6 yaral\u0131"},"content":{"rendered":"<p>Ayd\u0131n\u2019\u0131n S\u00f6ke il\u00e7esinde meydana gelen trafik kazas\u0131nda freni tutmayan minib\u00fcs devrilirken, kazada 6 ki\u015fi yaraland\u0131.<\/p>\n<p>Kaza, Aslanyaylas\u0131 Mahallesi\u2019nde meydana geldi. Edinilen bilgiye g\u00f6re, H.Y. y\u00f6netimindeki 06 EC 7048 plakal\u0131 minib\u00fcs, Aslanyaylas\u0131\u2019ndan Ba\u011faras\u0131 Mahallesi y\u00f6n\u00fcne seyir halindeyken freninin tutmamas\u0131 sonucu kontrolden \u00e7\u0131karak rampadan h\u0131zla inerek, yol kenar\u0131ndaki bah\u00e7eye devrildi. Kazada ara\u00e7ta yolcu olarak bulunan A.\u00c7.(62), D.Y. (64), A.Y.(79), M.Y.(59), N.\u00c7.(41) ve H.Y.(55) kazada \u00e7e\u015fitli yerlerinden yaraland\u0131. \u0130hbar \u00fczerine olay yerine h\u0131zla ula\u015fan Ba\u011faras\u0131 Jandarma Karakol Komutanl\u0131\u011f\u0131\u2019na ba\u011fl\u0131 ekipler, ilk m\u00fcdahalelerin ard\u0131ndan yaral\u0131lar\u0131 S\u00f6ke Fehime Faik Kocag\u00f6z Devlet Hastanesi\u2019ne sevk etti. Yaral\u0131lar\u0131n hayati tehlikesinin bulunmad\u0131\u011f\u0131 \u00f6\u011frenildi.<\/p>\n<p>Kazayla ilgili jandarma ekipleri taraf\u0131ndan inceleme ba\u015flat\u0131ld\u0131.<br \/><\/p>\n","protected":false},"excerpt":{"rendered":"<p>Ayd\u0131n\u2019\u0131n S\u00f6ke il\u00e7esinde meydana gelen trafik kazas\u0131nda freni tutmayan minib\u00fcs devrilirken, kazada 6 ki\u015fi yaraland\u0131. Kaza, Aslanyaylas\u0131 Mahallesi\u2019nde meydana geldi. Edinilen bilgiye g\u00f6re, H.Y. y\u00f6netimindeki 06 EC 7048 plakal\u0131 minib\u00fcs, Aslanyaylas\u0131\u2019ndan Ba\u011faras\u0131 Mahallesi y\u00f6n\u00fcne seyir halindeyken freninin tutmamas\u0131 sonucu kontrolden \u00e7\u0131karak rampadan h\u0131zla inerek, yol kenar\u0131ndaki bah\u00e7eye devrildi. Kazada ara\u00e7ta yolcu olarak bulunan A.\u00c7.(62), D.Y&#8230;.<\/p>\n","protected":false},"author":1,"featured_media":39106,"comment_status":"open","ping_status":"open","sticky":false,"template":"","format":"standard","meta":{"_crdt_document":"","footnotes":""},"categories":[5],"tags":[],"class_list":["post-39105","post","type-post","status-publish","format-standard","has-post-thumbnail","hentry","category-asayis"],"_links":{"self":[{"href":"https:\/\/www.egemtv.com\/index.php?rest_route=\/wp\/v2\/posts\/39105","targetHints":{"allow":["GET"]}}],"collection":[{"href":"https:\/\/www.egemtv.com\/index.php?rest_route=\/wp\/v2\/posts"}],"about":[{"href":"https:\/\/www.egemtv.com\/index.php?rest_route=\/wp\/v2\/types\/post"}],"author":[{"embeddable":true,"href":"https:\/\/www.egemtv.com\/index.php?rest_route=\/wp\/v2\/users\/1"}],"replies":[{"embeddable":true,"href":"https:\/\/www.egemtv.com\/index.php?rest_route=%2Fwp%2Fv2%2Fcomments&post=39105"}],"version-history":[{"count":1,"href":"https:\/\/www.egemtv.com\/index.php?rest_route=\/wp\/v2\/posts\/39105\/revisions"}],"predecessor-version":[{"id":39107,"href":"https:\/\/www.egemtv.com\/index.php?rest_route=\/wp\/v2\/posts\/39105\/revisions\/39107"}],"wp:featuredmedia":[{"embeddable":true,"href":"https:\/\/www.egemtv.com\/index.php?rest_route=\/wp\/v2\/media\/39106"}],"wp:attachment":[{"href":"https:\/\/www.egemtv.com\/index.php?rest_route=%2Fwp%2Fv2%2Fmedia&parent=39105"}],"wp:term":[{"taxonomy":"category","embeddable":true,"href":"https:\/\/www.egemtv.com\/index.php?rest_route=%2Fwp%2Fv2%2Fcategories&post=39105"},{"taxonomy":"post_tag","embeddable":true,"href":"https:\/\/www.egemtv.com\/index.php?rest_route=%2Fwp%2Fv2%2Ftags&post=39105"}],"curies":[{"name":"wp","href":"https:\/\/api.w.org\/{rel}","templated":true}]}}