{"id":39102,"date":"2025-07-01T11:56:13","date_gmt":"2025-07-01T08:56:13","guid":{"rendered":"https:\/\/www.egemtv.com\/?p=39102"},"modified":"2025-07-01T11:56:18","modified_gmt":"2025-07-01T08:56:18","slug":"doc-dr-gunay-mide-koruyucu-ismini-hak-etmiyor","status":"publish","type":"post","link":"https:\/\/www.egemtv.com\/?p=39102","title":{"rendered":"Do\u00e7. Dr. G\u00fcnay: &#8220;Mide koruyucu ismini hak etmiyor&#8221;"},"content":{"rendered":"<p>Mide rahats\u0131zl\u0131\u011f\u0131 olanlar, genellikle \u00e7areyi &#8220;mide koruyucu&#8221; olarak bilinen ila\u00e7larda ar\u0131yor. Genellikle alan\u0131nda uzman hekimlere dan\u0131\u015f\u0131lmadan, bilin\u00e7siz bir \u015fekilde t\u00fcketilen bu ila\u00e7lar\u0131n g\u00f6r\u00fcnd\u00fc\u011f\u00fc kadar masum olmad\u0131\u011f\u0131na dikkat \u00e7eken Medicana Sa\u011fl\u0131k Grubu Gastroenteroloji B\u00f6l\u00fcm\u00fc\u2019nden Do\u00e7. Dr. S\u00fcleyman G\u00fcnay, &#8220;Mide koruyucu ismini hak etmiyor. Bilin\u00e7siz kullan\u0131m\u0131nda ciddi sa\u011fl\u0131k sorunlar\u0131na yol a\u00e7abilir&#8221; diyerek uyar\u0131da bulundu.<br \/>\n<br \/>Mide koruyucu haplar\u0131n uzman bir hekim \u00f6nerisi olmadan t\u00fcketilmesi, halk aras\u0131nda yayg\u0131n olarak g\u00f6r\u00fclen yanl\u0131\u015f ila\u00e7 kullan\u0131mlar\u0131ndan biri. Vatanda\u015f\u0131n mide rahats\u0131zl\u0131klar\u0131 nedeniyle y\u00f6neldi\u011fi bu ila\u00e7lar\u0131n asl\u0131nda g\u00f6r\u00fcnd\u00fc\u011f\u00fc kadar masum olmad\u0131\u011f\u0131n\u0131 ve olumsuz yan etkileri olabilece\u011fini aktaran Medicana International \u0130zmir Hastanesi Gastroenteroloji Uzman\u0131 Do\u00e7. Dr. S\u00fcleyman G\u00fcnay, &#8220;Mide koruyucu ismini hak etmiyor. G\u00fcnl\u00fck pratikte mide koruyucu olarak bilinen ila\u00e7lar, \u00f6zellikle proton pompa inhibit\u00f6rleri (PP\u0130) olarak adland\u0131r\u0131lan bir ila\u00e7 grubunu kapsar. Bu ila\u00e7lar, mide asidini azaltarak refl\u00fc,  \u00fclser ve baz\u0131 ila\u00e7lar\u0131n mideye zarar verici etkilerine kar\u015f\u0131 koruma sa\u011flamak amac\u0131yla kullan\u0131l\u0131r. Ancak halk aras\u0131nda bu ila\u00e7lar\u0131n zarars\u0131z bir koruyucu gibi g\u00f6r\u00fclmesi ve hekim \u00f6nerisi olmadan uzun s\u00fcreli kullan\u0131lmas\u0131, ciddi sa\u011fl\u0131k sorunlar\u0131na yol a\u00e7abilir&#8221; dedi.<\/p>\n<p>\u0130lac\u0131n ad\u0131 yan\u0131lsamaya neden oluyor<br \/>\n<br \/>&#8220;Mide koruyucu&#8221; ifadesinin yanl\u0131\u015f bir alg\u0131ya sebebiyet verdi\u011finin alt\u0131n\u0131 \u00e7izen Do\u00e7. Dr. S\u00fcleyman G\u00fcnay, &#8220;Mide koruyucu ifadesi, bu ila\u00e7lar\u0131n yanl\u0131\u015fl\u0131kla her derde deva ya da tamamen zarars\u0131z oldu\u011fu alg\u0131s\u0131n\u0131 do\u011furabiliyor. Oysa bu ila\u00e7lar\u0131n uzun s\u00fcreli ve kontrols\u00fcz kullan\u0131m\u0131 ciddi yan etkiler olu\u015fturabilir&#8221; diye konu\u015ftu. \u0130lac\u0131n yan etkileri hakk\u0131nda bilgi veren Do\u00e7. Dr. S\u00fcleyman G\u00fcnay, &#8220;Vitamin ve mineral emilim bozukluklar\u0131 (\u00f6zellikle B12, demir, magnezyum); kemik erimesi ve k\u0131r\u0131k riskinde art\u0131\u015f, clostridium difficile gibi ba\u011f\u0131rsak enfeksiyonlar\u0131na yatk\u0131nl\u0131k, b\u00f6brek fonksiyonlar\u0131nda bozulma ve kronik b\u00f6brek hastal\u0131\u011f\u0131 riski, ba\u011f\u0131rsak floras\u0131nda bozulma ve ba\u011f\u0131\u015f\u0131kl\u0131k sisteminin zay\u0131flamas\u0131 gibi sorunlara neden olabilir&#8221; s\u00f6zlerini kaydetti. Do\u00e7. Dr. S\u00fcleyman G\u00fcnay, &#8220;Mide asidi, v\u00fccudun do\u011fal bir savunma mekanizmas\u0131d\u0131r. Zararl\u0131 mikroorganizmalar\u0131 yok eder ve sindirimi ba\u015flat\u0131r. Bu asidin uzun s\u00fcre bask\u0131lanmas\u0131, ba\u011f\u0131\u015f\u0131kl\u0131k sistemi, kemik sa\u011fl\u0131\u011f\u0131 ve besin emilimi gibi bir \u00e7ok sistemi olumsuz etkileyebilir&#8221; mesaj\u0131n\u0131 verdi.<\/p>\n<p>S\u0131rf midem zarar g\u00f6rmesin diye ba\u015flamak yanl\u0131\u015f<br \/>\n<br \/>Mide koruyucu ila\u00e7lar\u0131n doktor kontrol\u00fcnde ve gerekli oldu\u011funda t\u00fcketilmesi gerekti\u011fini belirten Do\u00e7. Dr. S\u00fcleyman G\u00fcnay, uzun s\u00fcreli NSA\u0130\u0130 (a\u011fr\u0131 kesici) kullanan hastalar\u0131n, aktif mide veya onikiparmak ba\u011f\u0131rsa\u011f\u0131 \u00fclseri olan ki\u015filerin ve refl\u00fc nedeniyle tedavi g\u00f6ren hastalar\u0131n (belirli bir s\u00fcre i\u00e7in) bu ila\u00e7lar\u0131 kullanabilece\u011fini s\u00f6yledi. Do\u00e7. Dr. S\u00fcleyman G\u00fcnay, &#8220;Ancak sa\u011fl\u0131kl\u0131 bireylerde rutin olarak kullan\u0131lmas\u0131 t\u0131bben \u00f6nerilmez. \u00d6zellikle, s\u0131rf \u2018midem zarar g\u00f6rmesin\u2019 d\u00fc\u015f\u00fcncesiyle koruyucu ama\u00e7la ba\u015flanan mide ila\u00e7lar\u0131, uzun vadede faydadan \u00e7ok zarar getirebilir&#8221; ifadelerini kulland\u0131.<\/p>\n<p>Mutlaka gastroenteroloji uzman\u0131na dan\u0131\u015f\u0131lmal\u0131<br \/>\n<br \/>\u0130la\u00e7 t\u00fcketimi konusunda toplumsal bilin\u00e7lenmenin artmas\u0131 gerekti\u011finin alt\u0131n\u0131 \u00e7izen Do\u00e7. Dr. S\u00fcleyman G\u00fcnay, s\u00f6zlerine \u015f\u00f6yle devam etti: &#8220;Bu ila\u00e7lar\u0131n g\u00fcvenli oldu\u011fu d\u00fc\u015f\u00fcncesi yan\u0131lt\u0131c\u0131d\u0131r. \u2019Koruyucu\u2019 ifadesi, ila\u00e7lar\u0131n risksiz oldu\u011fu anlam\u0131na gelmez. Mide asidi, ba\u011f\u0131\u015f\u0131kl\u0131k ve sindirim sistemi i\u00e7in gereklidir. Onu s\u00fcrekli bask\u0131lamak, zararl\u0131 sonu\u00e7lar do\u011furabilir. Her ilac\u0131n oldu\u011fu gibi bu ila\u00e7lar\u0131n da do\u011fru hasta, do\u011fru doz ve do\u011fru s\u00fcre ile kullan\u0131lmas\u0131 gerekir. \u00d6zellikle re\u00e7etesiz temin edilerek ba\u015flanan uzun s\u00fcreli mide koruyucu kullan\u0131mlar\u0131 sak\u0131ncal\u0131d\u0131r. Sa\u011fl\u0131k okuryazarl\u0131\u011f\u0131n\u0131n artmas\u0131, ila\u00e7lar\u0131n yaln\u0131zca doktor \u00f6nerisiyle ve kontrol\u00fcnde kullan\u0131lmas\u0131 gerekti\u011finin anla\u015f\u0131lmas\u0131 a\u00e7\u0131s\u0131ndan son derece \u00f6nemlidir. Mide rahats\u0131zl\u0131\u011f\u0131 \u015fikayetleri olan hastalar\u0131n mutlaka bir gastroenteroloji uzman\u0131na ba\u015fvurmas\u0131, gerekirse endoskopi ile de\u011ferlendirme yap\u0131lmas\u0131 daha do\u011fru bir yakla\u015f\u0131m olacakt\u0131r.&#8221;<br \/><\/p>\n","protected":false},"excerpt":{"rendered":"<p>Mide rahats\u0131zl\u0131\u011f\u0131 olanlar, genellikle \u00e7areyi &#8220;mide koruyucu&#8221; olarak bilinen ila\u00e7larda ar\u0131yor. Genellikle alan\u0131nda uzman hekimlere dan\u0131\u015f\u0131lmadan, bilin\u00e7siz bir \u015fekilde t\u00fcketilen bu ila\u00e7lar\u0131n g\u00f6r\u00fcnd\u00fc\u011f\u00fc kadar masum olmad\u0131\u011f\u0131na dikkat \u00e7eken Medicana Sa\u011fl\u0131k Grubu Gastroenteroloji B\u00f6l\u00fcm\u00fc\u2019nden Do\u00e7. Dr. S\u00fcleyman G\u00fcnay, &#8220;Mide koruyucu ismini hak etmiyor. Bilin\u00e7siz kullan\u0131m\u0131nda ciddi sa\u011fl\u0131k sorunlar\u0131na yol a\u00e7abilir&#8221; diyerek uyar\u0131da bulundu. Mide koruyucu haplar\u0131n&#8230;<\/p>\n","protected":false},"author":1,"featured_media":39103,"comment_status":"open","ping_status":"open","sticky":false,"template":"","format":"standard","meta":{"_crdt_document":"","footnotes":""},"categories":[2],"tags":[],"class_list":["post-39102","post","type-post","status-publish","format-standard","has-post-thumbnail","hentry","category-saglik"],"_links":{"self":[{"href":"https:\/\/www.egemtv.com\/index.php?rest_route=\/wp\/v2\/posts\/39102","targetHints":{"allow":["GET"]}}],"collection":[{"href":"https:\/\/www.egemtv.com\/index.php?rest_route=\/wp\/v2\/posts"}],"about":[{"href":"https:\/\/www.egemtv.com\/index.php?rest_route=\/wp\/v2\/types\/post"}],"author":[{"embeddable":true,"href":"https:\/\/www.egemtv.com\/index.php?rest_route=\/wp\/v2\/users\/1"}],"replies":[{"embeddable":true,"href":"https:\/\/www.egemtv.com\/index.php?rest_route=%2Fwp%2Fv2%2Fcomments&post=39102"}],"version-history":[{"count":1,"href":"https:\/\/www.egemtv.com\/index.php?rest_route=\/wp\/v2\/posts\/39102\/revisions"}],"predecessor-version":[{"id":39104,"href":"https:\/\/www.egemtv.com\/index.php?rest_route=\/wp\/v2\/posts\/39102\/revisions\/39104"}],"wp:featuredmedia":[{"embeddable":true,"href":"https:\/\/www.egemtv.com\/index.php?rest_route=\/wp\/v2\/media\/39103"}],"wp:attachment":[{"href":"https:\/\/www.egemtv.com\/index.php?rest_route=%2Fwp%2Fv2%2Fmedia&parent=39102"}],"wp:term":[{"taxonomy":"category","embeddable":true,"href":"https:\/\/www.egemtv.com\/index.php?rest_route=%2Fwp%2Fv2%2Fcategories&post=39102"},{"taxonomy":"post_tag","embeddable":true,"href":"https:\/\/www.egemtv.com\/index.php?rest_route=%2Fwp%2Fv2%2Ftags&post=39102"}],"curies":[{"name":"wp","href":"https:\/\/api.w.org\/{rel}","templated":true}]}}