{"id":39099,"date":"2025-07-01T11:36:39","date_gmt":"2025-07-01T08:36:39","guid":{"rendered":"https:\/\/www.egemtv.com\/?p=39099"},"modified":"2025-07-01T11:36:43","modified_gmt":"2025-07-01T08:36:43","slug":"akhisardaki-orman-yangini-nedeniyle-tahliye-edilen-mahalle-sayisi-20ye-yukseldi","status":"publish","type":"post","link":"https:\/\/www.egemtv.com\/?p=39099","title":{"rendered":"Akhisar\u2019daki orman yang\u0131n\u0131 nedeniyle tahliye edilen mahalle say\u0131s\u0131 20\u2019ye y\u00fckseldi"},"content":{"rendered":"<p>Manisa\u2019n\u0131n Akhisar il\u00e7esinde 4 g\u00fcnd\u00fcr devam eden orman yang\u0131n\u0131na m\u00fcdahale t\u00fcm h\u0131z\u0131yla s\u00fcr\u00fcyor. Tar\u0131m ve Orman Bakanl\u0131\u011f\u0131 koordinasyonunda y\u00fcr\u00fct\u00fclen \u00e7al\u0131\u015fmalara Valilik taraf\u0131ndan yerel imkanlarla destek sa\u011flan\u0131rken, tahliye edilen yerle\u015fim yeri say\u0131s\u0131n\u0131n 20\u2019ye y\u00fckseldi\u011fi \u00f6\u011frenildi.<br \/>\n<br \/>Akhisar\u2019\u0131n Karak\u00f6y Mahallesi\u2019nde bir ar\u0131c\u0131n\u0131n yakt\u0131\u011f\u0131 ate\u015f sonras\u0131 ba\u015flayan ve 4 g\u00fcnd\u00fcr devam eden yang\u0131na, 3 u\u00e7ak, 7 helikopter, 24 araz\u00f6z, 19 itfaiye arac\u0131, 44 su tankeri, 28 i\u015f makinas\u0131 ve toplamda 713 personel ile m\u00fcdahale ediliyor.<\/p>\n<p>Tahliye edilen mahalle say\u0131s\u0131 20\u2019ye y\u00fckseldi<br \/>\n<br \/>Daha \u00f6nce tahliye edilen Karak\u00f6y, Yenice, Dingiller, \u00c7am\u00f6n\u00fc, Do\u011fankaya Mahallesi\u2019ne ba\u011fl\u0131 Hanc\u0131lar Mezras\u0131, Hask\u00f6y, Duras\u0131l Mahallesi ve Mezras\u0131, Kerim\u00e7avu\u015flar, Kabaa\u011fa\u00e7k\u0131ran, H\u00fcseyincik, K\u00fc\u00e7\u00fckhask\u00f6y mahallelerine ek olarak, bug\u00fcn itibar\u0131yla Ulup\u0131nar, \u00c7oruk, Se\u011firdim, \u015eehitler, Topluca, Ta\u015f\u00e7\u0131lar, Sarn\u0131\u00e7 ve \u00c7\u0131nar mahallelerinin tahliyesine ba\u015fland\u0131.<br \/>\n<br \/>Manisa Valili\u011fince yap\u0131lan a\u00e7\u0131klamada, &#8220;Yang\u0131n s\u00f6nd\u00fcrme \u00e7al\u0131\u015fmalar\u0131, Tar\u0131m ve Orman Bakanl\u0131\u011f\u0131m\u0131z\u0131n koordinasyonunda, Valili\u011fimizce yerel imkanlar\u0131n seferber edilmesiyle h\u0131zl\u0131 ve etkin bir \u015fekilde devam etmektedir. Hava s\u0131cakl\u0131klar\u0131n\u0131n artmas\u0131 ve bug\u00fcn ilimizde kuvvetli r\u00fczg\u00e2r etkili olaca\u011f\u0131ndan t\u00fcm vatanda\u015flar\u0131m\u0131z\u0131n yang\u0131n riskine kar\u015f\u0131 duyarl\u0131 ve tedbirli olmas\u0131 \u00f6nem arz etmektedir&#8221; denildi.<br \/><\/p>\n","protected":false},"excerpt":{"rendered":"<p>Manisa\u2019n\u0131n Akhisar il\u00e7esinde 4 g\u00fcnd\u00fcr devam eden orman yang\u0131n\u0131na m\u00fcdahale t\u00fcm h\u0131z\u0131yla s\u00fcr\u00fcyor. Tar\u0131m ve Orman Bakanl\u0131\u011f\u0131 koordinasyonunda y\u00fcr\u00fct\u00fclen \u00e7al\u0131\u015fmalara Valilik taraf\u0131ndan yerel imkanlarla destek sa\u011flan\u0131rken, tahliye edilen yerle\u015fim yeri say\u0131s\u0131n\u0131n 20\u2019ye y\u00fckseldi\u011fi \u00f6\u011frenildi. Akhisar\u2019\u0131n Karak\u00f6y Mahallesi\u2019nde bir ar\u0131c\u0131n\u0131n yakt\u0131\u011f\u0131 ate\u015f sonras\u0131 ba\u015flayan ve 4 g\u00fcnd\u00fcr devam eden yang\u0131na, 3 u\u00e7ak, 7 helikopter, 24 araz\u00f6z,&#8230;<\/p>\n","protected":false},"author":1,"featured_media":39100,"comment_status":"open","ping_status":"open","sticky":false,"template":"","format":"standard","meta":{"_crdt_document":"","footnotes":""},"categories":[5],"tags":[],"class_list":["post-39099","post","type-post","status-publish","format-standard","has-post-thumbnail","hentry","category-asayis"],"_links":{"self":[{"href":"https:\/\/www.egemtv.com\/index.php?rest_route=\/wp\/v2\/posts\/39099","targetHints":{"allow":["GET"]}}],"collection":[{"href":"https:\/\/www.egemtv.com\/index.php?rest_route=\/wp\/v2\/posts"}],"about":[{"href":"https:\/\/www.egemtv.com\/index.php?rest_route=\/wp\/v2\/types\/post"}],"author":[{"embeddable":true,"href":"https:\/\/www.egemtv.com\/index.php?rest_route=\/wp\/v2\/users\/1"}],"replies":[{"embeddable":true,"href":"https:\/\/www.egemtv.com\/index.php?rest_route=%2Fwp%2Fv2%2Fcomments&post=39099"}],"version-history":[{"count":1,"href":"https:\/\/www.egemtv.com\/index.php?rest_route=\/wp\/v2\/posts\/39099\/revisions"}],"predecessor-version":[{"id":39101,"href":"https:\/\/www.egemtv.com\/index.php?rest_route=\/wp\/v2\/posts\/39099\/revisions\/39101"}],"wp:featuredmedia":[{"embeddable":true,"href":"https:\/\/www.egemtv.com\/index.php?rest_route=\/wp\/v2\/media\/39100"}],"wp:attachment":[{"href":"https:\/\/www.egemtv.com\/index.php?rest_route=%2Fwp%2Fv2%2Fmedia&parent=39099"}],"wp:term":[{"taxonomy":"category","embeddable":true,"href":"https:\/\/www.egemtv.com\/index.php?rest_route=%2Fwp%2Fv2%2Fcategories&post=39099"},{"taxonomy":"post_tag","embeddable":true,"href":"https:\/\/www.egemtv.com\/index.php?rest_route=%2Fwp%2Fv2%2Ftags&post=39099"}],"curies":[{"name":"wp","href":"https:\/\/api.w.org\/{rel}","templated":true}]}}