{"id":39096,"date":"2025-07-01T11:36:34","date_gmt":"2025-07-01T08:36:34","guid":{"rendered":"https:\/\/www.egemtv.com\/?p=39096"},"modified":"2025-07-01T11:36:39","modified_gmt":"2025-07-01T08:36:39","slug":"baskan-akin-yesil-alanlarda-incelemelerde-bulundu","status":"publish","type":"post","link":"https:\/\/www.egemtv.com\/?p=39096","title":{"rendered":"Ba\u015fkan Ak\u0131n ye\u015fil alanlarda incelemelerde bulundu"},"content":{"rendered":"<p>Turgutlu Belediye Ba\u015fkan\u0131 \u00c7etin Ak\u0131n, kentin farkl\u0131 noktalar\u0131ndaki park ve ye\u015fil alanlarda incelemelerde bulundu. Ba\u015fkan \u00c7etin Ak\u0131n, &#8220;Turgutlu\u2019muzun her noktas\u0131 i\u00e7in \u00e7al\u0131\u015fmaya, hem\u015fehrilerimizin her zaman yan\u0131nda olmaya devam edece\u011fiz&#8221; dedi.<br \/>\n<br \/>Turgutlu Belediye Ba\u015fkan\u0131 \u00c7etin Ak\u0131n, &#8220;Daha ye\u015fil bir Turgutlu&#8221; i\u00e7in kente kazand\u0131r\u0131lan park ve ye\u015fil alanlarda incelemelerde bulundu. Park ve Bah\u00e7eler M\u00fcd\u00fcrl\u00fc\u011f\u00fc ekipleri taraf\u0131ndan y\u00fcr\u00fct\u00fclen bak\u0131m, d\u00fczenleme ve iyile\u015ftirme \u00e7al\u0131\u015fmalar\u0131n\u0131 takip eden Ba\u015fkan \u00c7etin Ak\u0131n, Ba\u015fkan Yard\u0131mc\u0131s\u0131 Evren Erba\u015f Ser, Park ve Bah\u00e7eler M\u00fcd\u00fcr\u00fc \u00d6nder Pala ile birlikte Turgutlu halk\u0131n\u0131n park ve ye\u015fil alanlardan daha konforlu ve g\u00fcvenli \u015fekilde yararlanabilmeleri ad\u0131na yap\u0131labilecek \u00e7al\u0131\u015fmalar hakk\u0131nda planlamalar da yapt\u0131.<\/p>\n<p>Ba\u015fkan Ak\u0131n\u2019dan Osmanc\u0131k Mahallesine ge\u00e7mi\u015f olsun ziyareti<br \/>\n<br \/>Ba\u015fkan \u00c7etin Ak\u0131n kentin farkl\u0131 noktalar\u0131ndaki ye\u015fil alanlarda yapt\u0131\u011f\u0131 incelemelerinin ard\u0131ndan Osmanc\u0131k Mahallesini ziyaret etti. Ge\u00e7ti\u011fimiz pazar ak\u015fam\u0131 Osmanc\u0131k Mahallesinde meydana gelen ve kontrol alt\u0131na al\u0131nan orman yang\u0131n\u0131 sonras\u0131nda mahalle sakinleriyle bir araya gelen Ba\u015fkan Ak\u0131n ihtiya\u00e7 ve isteklere dair g\u00f6r\u00fc\u015fmelerde bulundu.<br \/>\n<br \/>Ger\u00e7ekle\u015ftirdi\u011fi incelemeler ve ziyaretleri hakk\u0131nda a\u00e7\u0131klamada bulunan Ba\u015fkan \u00c7etin Ak\u0131n, &#8220;Daha ye\u015fil bir Turgutlu amac\u0131yla hem\u015fehrilerimizin nefes alabilece\u011fi, sosyalle\u015febilece\u011fi; \u00e7ocuklar\u0131m\u0131z\u0131n mutlu ve g\u00fcvenli bir \u015fekilde ya\u015f\u0131tlar\u0131yla zaman ge\u00e7irebilece\u011fi park ve ye\u015fil alanlar\u0131m\u0131zda incelemelerimizi yapt\u0131k. S\u00f6z konusu yerleri daha i\u015flevsel kullanabilme noktas\u0131nda isti\u015farelerde bulunduk. Bununla birlikte orman yang\u0131n\u0131n ya\u015fand\u0131\u011f\u0131, s\u00f6nd\u00fcrme \u00e7al\u0131\u015fmalar\u0131n\u0131 yerinde takip etti\u011fimiz Osmanc\u0131k Mahallemizi ziyaret ederek hem\u015fehrilerimize ge\u00e7mi\u015f olsun dileklerimizi ilettik. Turgutlu\u2019muzun her noktas\u0131 i\u00e7in \u00e7al\u0131\u015fmaya, hem\u015fehrilerimizin her zaman yan\u0131nda olmaya devam edece\u011fiz&#8221; dedi.<br \/><\/p>\n","protected":false},"excerpt":{"rendered":"<p>Turgutlu Belediye Ba\u015fkan\u0131 \u00c7etin Ak\u0131n, kentin farkl\u0131 noktalar\u0131ndaki park ve ye\u015fil alanlarda incelemelerde bulundu. Ba\u015fkan \u00c7etin Ak\u0131n, &#8220;Turgutlu\u2019muzun her noktas\u0131 i\u00e7in \u00e7al\u0131\u015fmaya, hem\u015fehrilerimizin her zaman yan\u0131nda olmaya devam edece\u011fiz&#8221; dedi. Turgutlu Belediye Ba\u015fkan\u0131 \u00c7etin Ak\u0131n, &#8220;Daha ye\u015fil bir Turgutlu&#8221; i\u00e7in kente kazand\u0131r\u0131lan park ve ye\u015fil alanlarda incelemelerde bulundu. Park ve Bah\u00e7eler M\u00fcd\u00fcrl\u00fc\u011f\u00fc ekipleri taraf\u0131ndan y\u00fcr\u00fct\u00fclen&#8230;<\/p>\n","protected":false},"author":1,"featured_media":39097,"comment_status":"open","ping_status":"open","sticky":false,"template":"","format":"standard","meta":{"_crdt_document":"","footnotes":""},"categories":[1],"tags":[],"class_list":["post-39096","post","type-post","status-publish","format-standard","has-post-thumbnail","hentry","category-guncel"],"_links":{"self":[{"href":"https:\/\/www.egemtv.com\/index.php?rest_route=\/wp\/v2\/posts\/39096","targetHints":{"allow":["GET"]}}],"collection":[{"href":"https:\/\/www.egemtv.com\/index.php?rest_route=\/wp\/v2\/posts"}],"about":[{"href":"https:\/\/www.egemtv.com\/index.php?rest_route=\/wp\/v2\/types\/post"}],"author":[{"embeddable":true,"href":"https:\/\/www.egemtv.com\/index.php?rest_route=\/wp\/v2\/users\/1"}],"replies":[{"embeddable":true,"href":"https:\/\/www.egemtv.com\/index.php?rest_route=%2Fwp%2Fv2%2Fcomments&post=39096"}],"version-history":[{"count":1,"href":"https:\/\/www.egemtv.com\/index.php?rest_route=\/wp\/v2\/posts\/39096\/revisions"}],"predecessor-version":[{"id":39098,"href":"https:\/\/www.egemtv.com\/index.php?rest_route=\/wp\/v2\/posts\/39096\/revisions\/39098"}],"wp:featuredmedia":[{"embeddable":true,"href":"https:\/\/www.egemtv.com\/index.php?rest_route=\/wp\/v2\/media\/39097"}],"wp:attachment":[{"href":"https:\/\/www.egemtv.com\/index.php?rest_route=%2Fwp%2Fv2%2Fmedia&parent=39096"}],"wp:term":[{"taxonomy":"category","embeddable":true,"href":"https:\/\/www.egemtv.com\/index.php?rest_route=%2Fwp%2Fv2%2Fcategories&post=39096"},{"taxonomy":"post_tag","embeddable":true,"href":"https:\/\/www.egemtv.com\/index.php?rest_route=%2Fwp%2Fv2%2Ftags&post=39096"}],"curies":[{"name":"wp","href":"https:\/\/api.w.org\/{rel}","templated":true}]}}