{"id":39093,"date":"2025-07-01T11:36:30","date_gmt":"2025-07-01T08:36:30","guid":{"rendered":"https:\/\/www.egemtv.com\/?p=39093"},"modified":"2025-07-01T11:36:34","modified_gmt":"2025-07-01T08:36:34","slug":"denizli-ogrenci-dostu-sehir-siralamasinda-7-sira-yukseldi","status":"publish","type":"post","link":"https:\/\/www.egemtv.com\/?p=39093","title":{"rendered":"Denizli \u00f6\u011frenci dostu \u015fehir s\u0131ralamas\u0131nda 7 s\u0131ra y\u00fckseldi"},"content":{"rendered":"<p>\u00dcniversite Ara\u015ft\u0131rmalar\u0131 Laboratuvar\u0131 (\u00dcniAr) taraf\u0131ndan her y\u0131l yap\u0131lan &#8220;\u00d6\u011frenci Dostu \u00dcniversite \u015eehirleri&#8221; s\u0131ralamas\u0131nda b\u00fcy\u00fck bir s\u0131\u00e7ray\u0131\u015f yapan Denizli, 16. s\u0131radan 9. s\u0131raya y\u00fckseldi.<\/p>\n<p>\u00dcniversite Ara\u015ft\u0131rmalar\u0131 Laboratuvar\u0131 (\u00dcniAr) taraf\u0131ndan her y\u0131l yay\u0131mlanan &#8220;\u00d6\u011frenci Dostu \u00dcniversite \u015eehirleri&#8221; ara\u015ft\u0131rmas\u0131nda Denizli, bu y\u0131l \u00f6nemli bir ba\u015far\u0131ya imza atarak 16. s\u0131radan 9. s\u0131raya y\u00fckseldi. \u00d6\u011frencilerin yo\u011fun olarak ya\u015fad\u0131\u011f\u0131 b\u00f6lgelerde ya\u015fam kalitesini art\u0131rmaya y\u00f6nelik yap\u0131lan \u00e7al\u0131\u015fmalar; gen\u00e7lere sundu\u011fu sosyal, ekonomik ve k\u00fclt\u00fcrel desteklerle bu ba\u015far\u0131da belirleyici rol oynad\u0131. Son d\u00f6nemde hayata ge\u00e7irilen projeler, Denizli\u2019nin bu y\u00fckseli\u015finin temel ta\u015flar\u0131n\u0131 olu\u015fturdu.<\/p>\n<p>Denizli d\u0131\u015f\u0131nda ikamet eden ve Pamukkale \u00dcniversitesi\u2019ni kazanarak kente gelen k\u0131z \u00f6\u011frenciler i\u00e7in a\u00e7\u0131lan konukevi, bar\u0131nma konusunda ailelerin i\u00e7ini rahatlatt\u0131. Modern yap\u0131s\u0131 ve g\u00fcvenli ortam\u0131yla konukevi, k\u0131z \u00f6\u011frenciler i\u00e7in ikinci bir yuva haline geldi. Gen\u00e7lerin sosyal ya\u015fama aktif kat\u0131l\u0131m\u0131n\u0131 sa\u011flamak amac\u0131yla y\u0131l boyunca k\u00fclt\u00fcr-sanat etkinliklerinden sportif faaliyetlere kadar bir\u00e7ok alanda kapsaml\u0131 \u00e7al\u0131\u015fmalar y\u00fcr\u00fct\u00fcld\u00fc. Tiyatrodan konsere, sergilerden at\u00f6lye \u00e7al\u0131\u015fmalar\u0131na uzanan geni\u015f yelpazedeki etkinliklerle \u00f6\u011frencilerin sanatsal geli\u015fimi desteklenirken; d\u00fczenlenen turnuvalar, spor organizasyonlar\u0131 ve a\u00e7\u0131k hava etkinlikleriyle \u00f6\u011frenciler sa\u011fl\u0131kl\u0131 ya\u015fama te\u015fvik edildi.<\/p>\n<p>\u00dcniversite a\u00e7\u0131l\u0131\u015f ve kay\u0131t d\u00f6neminde ise otogar\u2013\u00fcniversite aras\u0131 \u00fccretsiz otob\u00fcs seferleri ile ula\u015f\u0131m kolayla\u015ft\u0131r\u0131l\u0131rken, otogarda kurulan stant ile yeni gelen \u00f6\u011frencilere kar\u015f\u0131lama ve bilgilendirme deste\u011fi sunuldu.<br \/><\/p>\n","protected":false},"excerpt":{"rendered":"<p>\u00dcniversite Ara\u015ft\u0131rmalar\u0131 Laboratuvar\u0131 (\u00dcniAr) taraf\u0131ndan her y\u0131l yap\u0131lan &#8220;\u00d6\u011frenci Dostu \u00dcniversite \u015eehirleri&#8221; s\u0131ralamas\u0131nda b\u00fcy\u00fck bir s\u0131\u00e7ray\u0131\u015f yapan Denizli, 16. s\u0131radan 9. s\u0131raya y\u00fckseldi. \u00dcniversite Ara\u015ft\u0131rmalar\u0131 Laboratuvar\u0131 (\u00dcniAr) taraf\u0131ndan her y\u0131l yay\u0131mlanan &#8220;\u00d6\u011frenci Dostu \u00dcniversite \u015eehirleri&#8221; ara\u015ft\u0131rmas\u0131nda Denizli, bu y\u0131l \u00f6nemli bir ba\u015far\u0131ya imza atarak 16. s\u0131radan 9. s\u0131raya y\u00fckseldi. \u00d6\u011frencilerin yo\u011fun olarak ya\u015fad\u0131\u011f\u0131 b\u00f6lgelerde ya\u015fam&#8230;<\/p>\n","protected":false},"author":1,"featured_media":39094,"comment_status":"open","ping_status":"open","sticky":false,"template":"","format":"standard","meta":{"_crdt_document":"","footnotes":""},"categories":[1],"tags":[],"class_list":["post-39093","post","type-post","status-publish","format-standard","has-post-thumbnail","hentry","category-guncel"],"_links":{"self":[{"href":"https:\/\/www.egemtv.com\/index.php?rest_route=\/wp\/v2\/posts\/39093","targetHints":{"allow":["GET"]}}],"collection":[{"href":"https:\/\/www.egemtv.com\/index.php?rest_route=\/wp\/v2\/posts"}],"about":[{"href":"https:\/\/www.egemtv.com\/index.php?rest_route=\/wp\/v2\/types\/post"}],"author":[{"embeddable":true,"href":"https:\/\/www.egemtv.com\/index.php?rest_route=\/wp\/v2\/users\/1"}],"replies":[{"embeddable":true,"href":"https:\/\/www.egemtv.com\/index.php?rest_route=%2Fwp%2Fv2%2Fcomments&post=39093"}],"version-history":[{"count":1,"href":"https:\/\/www.egemtv.com\/index.php?rest_route=\/wp\/v2\/posts\/39093\/revisions"}],"predecessor-version":[{"id":39095,"href":"https:\/\/www.egemtv.com\/index.php?rest_route=\/wp\/v2\/posts\/39093\/revisions\/39095"}],"wp:featuredmedia":[{"embeddable":true,"href":"https:\/\/www.egemtv.com\/index.php?rest_route=\/wp\/v2\/media\/39094"}],"wp:attachment":[{"href":"https:\/\/www.egemtv.com\/index.php?rest_route=%2Fwp%2Fv2%2Fmedia&parent=39093"}],"wp:term":[{"taxonomy":"category","embeddable":true,"href":"https:\/\/www.egemtv.com\/index.php?rest_route=%2Fwp%2Fv2%2Fcategories&post=39093"},{"taxonomy":"post_tag","embeddable":true,"href":"https:\/\/www.egemtv.com\/index.php?rest_route=%2Fwp%2Fv2%2Ftags&post=39093"}],"curies":[{"name":"wp","href":"https:\/\/api.w.org\/{rel}","templated":true}]}}