{"id":39090,"date":"2025-07-01T11:36:26","date_gmt":"2025-07-01T08:36:26","guid":{"rendered":"https:\/\/www.egemtv.com\/?p=39090"},"modified":"2025-07-01T11:36:30","modified_gmt":"2025-07-01T08:36:30","slug":"soke-voleybol-kulubu-yeni-hedeflere-yol-alacak","status":"publish","type":"post","link":"https:\/\/www.egemtv.com\/?p=39090","title":{"rendered":"S\u00f6ke Voleybol Kul\u00fcb\u00fc yeni hedeflere yol alacak"},"content":{"rendered":"<p>S\u00f6ke Voleybol Kul\u00fcb\u00fc 2024-2025 sezonunun tamamlanmas\u0131yla birlikte sezon kapan\u0131\u015f t\u00f6renini, sporcular, veliler ve antren\u00f6rlerin ger\u00e7ekle\u015ftirdi.<\/p>\n<p>Kat\u0131ld\u0131\u011f\u0131 t\u00fcm kategorilerde ba\u015far\u0131l\u0131 dereceler elde eden, son olarak midi k\u0131zlar kategorisinde T\u00fcrkiye \u015eampiyonas\u0131\u2019nda ba\u015far\u0131l\u0131 son 16 tak\u0131m aras\u0131nda yer alan kul\u00fcp; \u015fimdiden yeni sezon i\u00e7in hedeflerini belirledi. T\u00f6renin a\u00e7\u0131l\u0131\u015f konu\u015fmas\u0131n\u0131 Kul\u00fcp Ba\u015fkan\u0131 ve Ba\u015fantren\u00f6r Mutlu Y\u0131ld\u0131r\u0131m, geride kalan sezonun de\u011ferlendirmesini yaparak t\u00fcm sporcular\u0131 azim ve ba\u015far\u0131lar\u0131ndan dolay\u0131 tebrik etti. S\u00f6ke Voleybol Kul\u00fcb\u00fc Kul\u00fcp Ba\u015fkan\u0131 ve Ba\u015fantren\u00f6r Mutlu Y\u0131ld\u0131r\u0131m, &#8220;Bu sezonda al\u0131n teri d\u00f6ken t\u00fcm sporcular\u0131m\u0131za, \u00f6zveriyle \u00e7al\u0131\u015fan antren\u00f6rlerimize, her daim destek olan velilerimize ve kul\u00fcb\u00fcm\u00fcz\u00fcn ba\u015far\u0131s\u0131na katk\u0131 sa\u011flayan herkese te\u015fekk\u00fcr eder; yeni sezonda t\u00fcm tak\u0131mlar\u0131m\u0131za ba\u015far\u0131lar dileriz&#8221; dedi.<\/p>\n<p>T\u00f6rende, y\u0131l boyunca \u00e7e\u015fitli liglerde kupa ve madalya kazanan tak\u0131mlar alk\u0131\u015flar e\u015fli\u011finde sahneye davet edilerek \u00f6d\u00fclleri takdim edildi. S\u00f6ke Belediye Saldos Voleybol Kul\u00fcb\u00fc\u2019n\u00fcn 2024-2025 sezon ba\u015far\u0131lar\u0131 \u015f\u00f6yle:<br \/>\n<br \/>Geli\u015fim Ligi: K\u00fc\u00e7\u00fck A Tak\u0131m\u0131 \u0130l \u00dc\u00e7\u00fcnc\u00fcs\u00fc, Midi B Tak\u0131m\u0131 \u0130l \u0130kincisi, Midi C Tak\u0131m\u0131 \u0130l \u00dc\u00e7\u00fcnc\u00fcs\u00fc, S\u00fcper Lig: Gen\u00e7 Tak\u0131m \u0130l \u0130kincisi, Y\u0131ld\u0131z A Tak\u0131m \u0130l \u015eampiyonu, Y\u0131ld\u0131z B Tak\u0131m \u0130l \u00dc\u00e7\u00fcnc\u00fcs\u00fc, K\u00fc\u00e7\u00fck Tak\u0131m \u0130l \u0130kincisi, Midi Tak\u0131m; \u0130l \u015eampiyonu, B\u00f6lge \u015eampiyonu (Manisa), T\u00fcrkiye \u015eampiyonas\u0131\u2019nda (\u0130zmir) T\u00fcrkiye\u2019nin En \u0130yi 16 Tak\u0131m\u0131 aras\u0131nda sezonu tamamlad\u0131. TVF 2. Lig 7. Grup: Alt yap\u0131 a\u011f\u0131rl\u0131kl\u0131 kadrosuyla m\u00fccadele eden tak\u0131m ligi 8. s\u0131rada tamamlad\u0131.<br \/><\/p>\n","protected":false},"excerpt":{"rendered":"<p>S\u00f6ke Voleybol Kul\u00fcb\u00fc 2024-2025 sezonunun tamamlanmas\u0131yla birlikte sezon kapan\u0131\u015f t\u00f6renini, sporcular, veliler ve antren\u00f6rlerin ger\u00e7ekle\u015ftirdi. Kat\u0131ld\u0131\u011f\u0131 t\u00fcm kategorilerde ba\u015far\u0131l\u0131 dereceler elde eden, son olarak midi k\u0131zlar kategorisinde T\u00fcrkiye \u015eampiyonas\u0131\u2019nda ba\u015far\u0131l\u0131 son 16 tak\u0131m aras\u0131nda yer alan kul\u00fcp; \u015fimdiden yeni sezon i\u00e7in hedeflerini belirledi. T\u00f6renin a\u00e7\u0131l\u0131\u015f konu\u015fmas\u0131n\u0131 Kul\u00fcp Ba\u015fkan\u0131 ve Ba\u015fantren\u00f6r Mutlu Y\u0131ld\u0131r\u0131m, geride kalan sezonun&#8230;<\/p>\n","protected":false},"author":1,"featured_media":39091,"comment_status":"open","ping_status":"open","sticky":false,"template":"","format":"standard","meta":{"_crdt_document":"","footnotes":""},"categories":[4],"tags":[],"class_list":["post-39090","post","type-post","status-publish","format-standard","has-post-thumbnail","hentry","category-spor"],"_links":{"self":[{"href":"https:\/\/www.egemtv.com\/index.php?rest_route=\/wp\/v2\/posts\/39090","targetHints":{"allow":["GET"]}}],"collection":[{"href":"https:\/\/www.egemtv.com\/index.php?rest_route=\/wp\/v2\/posts"}],"about":[{"href":"https:\/\/www.egemtv.com\/index.php?rest_route=\/wp\/v2\/types\/post"}],"author":[{"embeddable":true,"href":"https:\/\/www.egemtv.com\/index.php?rest_route=\/wp\/v2\/users\/1"}],"replies":[{"embeddable":true,"href":"https:\/\/www.egemtv.com\/index.php?rest_route=%2Fwp%2Fv2%2Fcomments&post=39090"}],"version-history":[{"count":1,"href":"https:\/\/www.egemtv.com\/index.php?rest_route=\/wp\/v2\/posts\/39090\/revisions"}],"predecessor-version":[{"id":39092,"href":"https:\/\/www.egemtv.com\/index.php?rest_route=\/wp\/v2\/posts\/39090\/revisions\/39092"}],"wp:featuredmedia":[{"embeddable":true,"href":"https:\/\/www.egemtv.com\/index.php?rest_route=\/wp\/v2\/media\/39091"}],"wp:attachment":[{"href":"https:\/\/www.egemtv.com\/index.php?rest_route=%2Fwp%2Fv2%2Fmedia&parent=39090"}],"wp:term":[{"taxonomy":"category","embeddable":true,"href":"https:\/\/www.egemtv.com\/index.php?rest_route=%2Fwp%2Fv2%2Fcategories&post=39090"},{"taxonomy":"post_tag","embeddable":true,"href":"https:\/\/www.egemtv.com\/index.php?rest_route=%2Fwp%2Fv2%2Ftags&post=39090"}],"curies":[{"name":"wp","href":"https:\/\/api.w.org\/{rel}","templated":true}]}}