{"id":39087,"date":"2025-07-01T11:36:21","date_gmt":"2025-07-01T08:36:21","guid":{"rendered":"https:\/\/www.egemtv.com\/?p=39087"},"modified":"2025-07-01T11:36:26","modified_gmt":"2025-07-01T08:36:26","slug":"aydinda-nostaljik-sunnet-dugunu","status":"publish","type":"post","link":"https:\/\/www.egemtv.com\/?p=39087","title":{"rendered":"Ayd\u0131n\u2019da nostaljik s\u00fcnnet d\u00fc\u011f\u00fcn\u00fc"},"content":{"rendered":"<p>Ayd\u0131n\u2019\u0131n Efeler \u0130l\u00e7esi\u2019ne ba\u011fl\u0131 E\u011frikavak K\u00f6y\u00fc\u2019nde d\u00fc\u011f\u00fcnlerde as\u0131rl\u0131k gelenekler ya\u015fat\u0131l\u0131yor. \u015eehirde ya\u015famas\u0131na ra\u011fmen atalar\u0131n\u0131n geleneklerini s\u00fcrd\u00fcren Kadriye-M\u00fcmtaz \u00c7etin \u00c7ifti \u00e7ocuklar\u0131 i\u00e7in yapt\u0131\u011f\u0131 s\u00fcnnet d\u00fc\u011f\u00fcn\u00fcnde as\u0131rl\u0131k gelenekleri ya\u015fatt\u0131. \u0130ki g\u00fcn 2 gece yap\u0131lan s\u00fcnnet d\u00fc\u011f\u00fcn\u00fcnde S\u00fcreyya ve Seymen \u00c7etin karde\u015fler as\u0131rl\u0131k geleneklerle erkekli\u011fe ad\u0131m att\u0131.<br \/>\n<br \/>Ayd\u0131n\u2019\u0131n geleneklerini s\u00fcrd\u00fcren nadir k\u00f6ylerinden biri olan E\u011frikavak K\u00f6y\u00fc\u2019nde S\u00fcreyya ve Seymen \u00c7etin\u2019in d\u00fc\u011f\u00fcn\u00fc bayrak dikme ve \u00e7eyiz serme t\u00f6reni ile ba\u015flad\u0131. Y\u00f6r\u00fck geleneklerine g\u00f6re bir erke\u011fin en b\u00fcy\u00fck m\u00fcr\u00fcvvetlerinin s\u00fcnnet olmak, askere gitmek ve evlenmek oldu\u011funu belirten Baba M\u00fcmtaz \u00c7etin, &#8220;K\u00f6y\u00fcm\u00fcz gelenek ve g\u00f6reneklerine ba\u011fl\u0131 bir k\u00f6yd\u00fcr. Her ne kadar geli\u015fen teknoloji ile bu gelenekler unutulmaya y\u00fcz tutsa da bizler ya\u015fatmaya \u00e7al\u0131\u015f\u0131yoruz. Bu nedenle \u00e7ocuklar\u0131m\u0131z\u0131 s\u00fcnnet d\u00fc\u011f\u00fcn\u00fcnde geleneksel Y\u00f6r\u00fck k\u0131yafetleri giydirdik&#8221; diyerek geleneklerin ya\u015fat\u0131ld\u0131\u011f\u0131n\u0131 belirtti.<br \/><\/p>\n","protected":false},"excerpt":{"rendered":"<p>Ayd\u0131n\u2019\u0131n Efeler \u0130l\u00e7esi\u2019ne ba\u011fl\u0131 E\u011frikavak K\u00f6y\u00fc\u2019nde d\u00fc\u011f\u00fcnlerde as\u0131rl\u0131k gelenekler ya\u015fat\u0131l\u0131yor. \u015eehirde ya\u015famas\u0131na ra\u011fmen atalar\u0131n\u0131n geleneklerini s\u00fcrd\u00fcren Kadriye-M\u00fcmtaz \u00c7etin \u00c7ifti \u00e7ocuklar\u0131 i\u00e7in yapt\u0131\u011f\u0131 s\u00fcnnet d\u00fc\u011f\u00fcn\u00fcnde as\u0131rl\u0131k gelenekleri ya\u015fatt\u0131. \u0130ki g\u00fcn 2 gece yap\u0131lan s\u00fcnnet d\u00fc\u011f\u00fcn\u00fcnde S\u00fcreyya ve Seymen \u00c7etin karde\u015fler as\u0131rl\u0131k geleneklerle erkekli\u011fe ad\u0131m att\u0131. Ayd\u0131n\u2019\u0131n geleneklerini s\u00fcrd\u00fcren nadir k\u00f6ylerinden biri olan E\u011frikavak K\u00f6y\u00fc\u2019nde S\u00fcreyya ve&#8230;<\/p>\n","protected":false},"author":1,"featured_media":39088,"comment_status":"open","ping_status":"open","sticky":false,"template":"","format":"standard","meta":{"_crdt_document":"","footnotes":""},"categories":[1],"tags":[],"class_list":["post-39087","post","type-post","status-publish","format-standard","has-post-thumbnail","hentry","category-guncel"],"_links":{"self":[{"href":"https:\/\/www.egemtv.com\/index.php?rest_route=\/wp\/v2\/posts\/39087","targetHints":{"allow":["GET"]}}],"collection":[{"href":"https:\/\/www.egemtv.com\/index.php?rest_route=\/wp\/v2\/posts"}],"about":[{"href":"https:\/\/www.egemtv.com\/index.php?rest_route=\/wp\/v2\/types\/post"}],"author":[{"embeddable":true,"href":"https:\/\/www.egemtv.com\/index.php?rest_route=\/wp\/v2\/users\/1"}],"replies":[{"embeddable":true,"href":"https:\/\/www.egemtv.com\/index.php?rest_route=%2Fwp%2Fv2%2Fcomments&post=39087"}],"version-history":[{"count":1,"href":"https:\/\/www.egemtv.com\/index.php?rest_route=\/wp\/v2\/posts\/39087\/revisions"}],"predecessor-version":[{"id":39089,"href":"https:\/\/www.egemtv.com\/index.php?rest_route=\/wp\/v2\/posts\/39087\/revisions\/39089"}],"wp:featuredmedia":[{"embeddable":true,"href":"https:\/\/www.egemtv.com\/index.php?rest_route=\/wp\/v2\/media\/39088"}],"wp:attachment":[{"href":"https:\/\/www.egemtv.com\/index.php?rest_route=%2Fwp%2Fv2%2Fmedia&parent=39087"}],"wp:term":[{"taxonomy":"category","embeddable":true,"href":"https:\/\/www.egemtv.com\/index.php?rest_route=%2Fwp%2Fv2%2Fcategories&post=39087"},{"taxonomy":"post_tag","embeddable":true,"href":"https:\/\/www.egemtv.com\/index.php?rest_route=%2Fwp%2Fv2%2Ftags&post=39087"}],"curies":[{"name":"wp","href":"https:\/\/api.w.org\/{rel}","templated":true}]}}