{"id":39084,"date":"2025-07-01T11:36:15","date_gmt":"2025-07-01T08:36:15","guid":{"rendered":"https:\/\/www.egemtv.com\/?p=39084"},"modified":"2025-07-01T11:36:21","modified_gmt":"2025-07-01T08:36:21","slug":"nazillisporda-sportif-direktorluk-gorevine-yilmaz-getirildi","status":"publish","type":"post","link":"https:\/\/www.egemtv.com\/?p=39084","title":{"rendered":"Nazillispor\u2019da sportif direkt\u00f6rl\u00fck g\u00f6revine Y\u0131lmaz getirildi"},"content":{"rendered":"<p>Bu sezon 3.ligde m\u00fccadele edecek Nazillispor\u2019da sportif direkt\u00f6rl\u00fck g\u00f6revine Levent Y\u0131lmaz getirildi.<\/p>\n<p>Nazillispor\u2019da, sportif direkt\u00f6rl\u00fck g\u00f6revine  UEFA A lisans\u0131na sahip teknik adam Levent Y\u0131lmaz\u2019\u0131 getirdi. \u0130stanbul\u2019da ger\u00e7ekle\u015ftirilen g\u00f6r\u00fc\u015fmelerin ard\u0131ndan Y\u0131lmaz ile her konuda anla\u015fma sa\u011fland\u0131.<\/p>\n<p>Daha \u00f6nce U\u015fakspor\u2019da teknik direkt\u00f6rl\u00fck yapan Levent Y\u0131lmaz, bir d\u00f6nem Bursaspor\u2019da Murat S\u00f6zkesen\u2019in yard\u0131mc\u0131l\u0131\u011f\u0131 ve \u00c7ekmek\u00f6y Kad\u0131n Futbol Tak\u0131m\u0131\u2019n\u0131n teknik sorumlulu\u011funu \u00fcstlendi. Y\u0131lmaz, di\u011fer taraftan akademik kariyerini de s\u00fcrd\u00fcr\u00fcyor. Kadro planlamas\u0131 i\u00e7in yakla\u015f\u0131k 1 haftad\u0131r yo\u011fun mesai harcayan Levent Y\u0131lmaz\u2019\u0131n 2 Temmuz \u00c7ar\u015famba g\u00fcn\u00fc Nazilli\u2019ye gelerek \u00e7al\u0131\u015fmalara ba\u015flayaca\u011f\u0131 \u00f6\u011frenildi.<br \/><\/p>\n","protected":false},"excerpt":{"rendered":"<p>Bu sezon 3.ligde m\u00fccadele edecek Nazillispor\u2019da sportif direkt\u00f6rl\u00fck g\u00f6revine Levent Y\u0131lmaz getirildi. Nazillispor\u2019da, sportif direkt\u00f6rl\u00fck g\u00f6revine UEFA A lisans\u0131na sahip teknik adam Levent Y\u0131lmaz\u2019\u0131 getirdi. \u0130stanbul\u2019da ger\u00e7ekle\u015ftirilen g\u00f6r\u00fc\u015fmelerin ard\u0131ndan Y\u0131lmaz ile her konuda anla\u015fma sa\u011fland\u0131. Daha \u00f6nce U\u015fakspor\u2019da teknik direkt\u00f6rl\u00fck yapan Levent Y\u0131lmaz, bir d\u00f6nem Bursaspor\u2019da Murat S\u00f6zkesen\u2019in yard\u0131mc\u0131l\u0131\u011f\u0131 ve \u00c7ekmek\u00f6y Kad\u0131n Futbol Tak\u0131m\u0131\u2019n\u0131n teknik&#8230;<\/p>\n","protected":false},"author":1,"featured_media":39085,"comment_status":"open","ping_status":"open","sticky":false,"template":"","format":"standard","meta":{"_crdt_document":"","footnotes":""},"categories":[4],"tags":[],"class_list":["post-39084","post","type-post","status-publish","format-standard","has-post-thumbnail","hentry","category-spor"],"_links":{"self":[{"href":"https:\/\/www.egemtv.com\/index.php?rest_route=\/wp\/v2\/posts\/39084","targetHints":{"allow":["GET"]}}],"collection":[{"href":"https:\/\/www.egemtv.com\/index.php?rest_route=\/wp\/v2\/posts"}],"about":[{"href":"https:\/\/www.egemtv.com\/index.php?rest_route=\/wp\/v2\/types\/post"}],"author":[{"embeddable":true,"href":"https:\/\/www.egemtv.com\/index.php?rest_route=\/wp\/v2\/users\/1"}],"replies":[{"embeddable":true,"href":"https:\/\/www.egemtv.com\/index.php?rest_route=%2Fwp%2Fv2%2Fcomments&post=39084"}],"version-history":[{"count":1,"href":"https:\/\/www.egemtv.com\/index.php?rest_route=\/wp\/v2\/posts\/39084\/revisions"}],"predecessor-version":[{"id":39086,"href":"https:\/\/www.egemtv.com\/index.php?rest_route=\/wp\/v2\/posts\/39084\/revisions\/39086"}],"wp:featuredmedia":[{"embeddable":true,"href":"https:\/\/www.egemtv.com\/index.php?rest_route=\/wp\/v2\/media\/39085"}],"wp:attachment":[{"href":"https:\/\/www.egemtv.com\/index.php?rest_route=%2Fwp%2Fv2%2Fmedia&parent=39084"}],"wp:term":[{"taxonomy":"category","embeddable":true,"href":"https:\/\/www.egemtv.com\/index.php?rest_route=%2Fwp%2Fv2%2Fcategories&post=39084"},{"taxonomy":"post_tag","embeddable":true,"href":"https:\/\/www.egemtv.com\/index.php?rest_route=%2Fwp%2Fv2%2Ftags&post=39084"}],"curies":[{"name":"wp","href":"https:\/\/api.w.org\/{rel}","templated":true}]}}