{"id":39018,"date":"2025-07-01T09:36:03","date_gmt":"2025-07-01T06:36:03","guid":{"rendered":"https:\/\/www.egemtv.com\/?p=39018"},"modified":"2025-07-01T09:36:07","modified_gmt":"2025-07-01T06:36:07","slug":"kutahya-osbden-model-fabrikaya-teknik-inceleme","status":"publish","type":"post","link":"https:\/\/www.egemtv.com\/?p=39018","title":{"rendered":"K\u00fctahya OSB\u2019den \u2019model fabrika\u2019ya teknik inceleme"},"content":{"rendered":"<p>K\u00fctahya Organize Sanayi B\u00f6lgesi (OSB) Y\u00f6netim Kurulu Ba\u015fkanl\u0131\u011f\u0131 \u00f6nc\u00fcl\u00fc\u011f\u00fcnde, K\u00fctahya Organize Sanayi B\u00f6lgesi\u2019nde faaliyet g\u00f6steren sanayi kurulu\u015flar\u0131n\u0131n kat\u0131l\u0131m\u0131yla Bursa Model Fabrika\u2019ya teknik bir gezi d\u00fczenlendi.<br \/>\n<br \/>Ziyaret kapsam\u0131nda, yal\u0131n \u00fcretim, verimlilik art\u0131\u015f\u0131 ve dijital d\u00f6n\u00fc\u015f\u00fcm gibi g\u00fcn\u00fcm\u00fcz sanayisinin \u00f6ncelikli konular\u0131nda uygulamal\u0131 incelemeler ger\u00e7ekle\u015ftirildi. Model Fabrika\u2019n\u0131n \u00fcretim hatlar\u0131 ve sim\u00fclasyon alanlar\u0131nda yap\u0131lan g\u00f6zlemlerde, firma temsilcileri \u00fcretim s\u00fcre\u00e7lerindeki israflar\u0131n azalt\u0131lmas\u0131, s\u00fcre\u00e7 optimizasyonu ve dijital \u00e7\u00f6z\u00fcmlerin entegrasyonu konular\u0131nda detayl\u0131 bilgiler edindi.<br \/>\n<br \/>K\u00fctahya OSB yetkilileri, sanayicilere ulusal ve uluslararas\u0131 d\u00fczeyde rekabet avantaj\u0131 sa\u011flayacak bu t\u00fcr teknik gezilerin devam edece\u011fini belirtti. Yap\u0131lan a\u00e7\u0131klamada, b\u00f6lge sanayisinin geli\u015fimine katk\u0131 sunmak amac\u0131yla i\u015f birliklerinin ve iyi uygulama \u00f6rneklerinin sahada deneyimlenmesine \u00f6nem verildi\u011fi vurguland\u0131.<br \/>\n<br \/>K\u00fctahya OSB Y\u00f6netim Kurulu Ba\u015fkan\u0131 Tolga Eskio\u011flu, ziyaretin ard\u0131ndan yapt\u0131\u011f\u0131 de\u011ferlendirmede; &#8220;Sanayimizin s\u00fcrd\u00fcr\u00fclebilir b\u00fcy\u00fcmesi, verimlilik art\u0131\u015f\u0131 ve dijitalle\u015fme yolunda kararl\u0131 ad\u0131mlar atmam\u0131z b\u00fcy\u00fck \u00f6nem ta\u015f\u0131yor. Bursa Model Fabrika\u2019da edindi\u011fimiz bilgiler, firmalar\u0131m\u0131za bu d\u00f6n\u00fc\u015f\u00fcm s\u00fcrecinde rehberlik edecek nitelikte. K\u00fctahya OSB olarak yaln\u0131zca altyap\u0131 de\u011fil, bilgi ve vizyon anlam\u0131nda da firmalar\u0131m\u0131z\u0131n yan\u0131nda olmaya devam edece\u011fiz. Bu t\u00fcr teknik gezilerle sanayicimizin ufkunu geni\u015fletmek ve \u00f6rnek uygulamalar\u0131 yerinde g\u00f6rmek en \u00f6nemli hedeflerimizden biridir&#8221; ifadelerine yer verdi.<br \/><\/p>\n","protected":false},"excerpt":{"rendered":"<p>K\u00fctahya Organize Sanayi B\u00f6lgesi (OSB) Y\u00f6netim Kurulu Ba\u015fkanl\u0131\u011f\u0131 \u00f6nc\u00fcl\u00fc\u011f\u00fcnde, K\u00fctahya Organize Sanayi B\u00f6lgesi\u2019nde faaliyet g\u00f6steren sanayi kurulu\u015flar\u0131n\u0131n kat\u0131l\u0131m\u0131yla Bursa Model Fabrika\u2019ya teknik bir gezi d\u00fczenlendi. Ziyaret kapsam\u0131nda, yal\u0131n \u00fcretim, verimlilik art\u0131\u015f\u0131 ve dijital d\u00f6n\u00fc\u015f\u00fcm gibi g\u00fcn\u00fcm\u00fcz sanayisinin \u00f6ncelikli konular\u0131nda uygulamal\u0131 incelemeler ger\u00e7ekle\u015ftirildi. Model Fabrika\u2019n\u0131n \u00fcretim hatlar\u0131 ve sim\u00fclasyon alanlar\u0131nda yap\u0131lan g\u00f6zlemlerde, firma temsilcileri \u00fcretim s\u00fcre\u00e7lerindeki&#8230;<\/p>\n","protected":false},"author":1,"featured_media":39019,"comment_status":"open","ping_status":"open","sticky":false,"template":"","format":"standard","meta":{"_crdt_document":"","footnotes":""},"categories":[125],"tags":[],"class_list":["post-39018","post","type-post","status-publish","format-standard","has-post-thumbnail","hentry","category-ekonomi"],"_links":{"self":[{"href":"https:\/\/www.egemtv.com\/index.php?rest_route=\/wp\/v2\/posts\/39018","targetHints":{"allow":["GET"]}}],"collection":[{"href":"https:\/\/www.egemtv.com\/index.php?rest_route=\/wp\/v2\/posts"}],"about":[{"href":"https:\/\/www.egemtv.com\/index.php?rest_route=\/wp\/v2\/types\/post"}],"author":[{"embeddable":true,"href":"https:\/\/www.egemtv.com\/index.php?rest_route=\/wp\/v2\/users\/1"}],"replies":[{"embeddable":true,"href":"https:\/\/www.egemtv.com\/index.php?rest_route=%2Fwp%2Fv2%2Fcomments&post=39018"}],"version-history":[{"count":1,"href":"https:\/\/www.egemtv.com\/index.php?rest_route=\/wp\/v2\/posts\/39018\/revisions"}],"predecessor-version":[{"id":39020,"href":"https:\/\/www.egemtv.com\/index.php?rest_route=\/wp\/v2\/posts\/39018\/revisions\/39020"}],"wp:featuredmedia":[{"embeddable":true,"href":"https:\/\/www.egemtv.com\/index.php?rest_route=\/wp\/v2\/media\/39019"}],"wp:attachment":[{"href":"https:\/\/www.egemtv.com\/index.php?rest_route=%2Fwp%2Fv2%2Fmedia&parent=39018"}],"wp:term":[{"taxonomy":"category","embeddable":true,"href":"https:\/\/www.egemtv.com\/index.php?rest_route=%2Fwp%2Fv2%2Fcategories&post=39018"},{"taxonomy":"post_tag","embeddable":true,"href":"https:\/\/www.egemtv.com\/index.php?rest_route=%2Fwp%2Fv2%2Ftags&post=39018"}],"curies":[{"name":"wp","href":"https:\/\/api.w.org\/{rel}","templated":true}]}}