{"id":39015,"date":"2025-07-01T09:35:59","date_gmt":"2025-07-01T06:35:59","guid":{"rendered":"https:\/\/www.egemtv.com\/?p=39015"},"modified":"2025-07-01T09:36:03","modified_gmt":"2025-07-01T06:36:03","slug":"manisadaki-orman-yanginlari-devam-ediyor","status":"publish","type":"post","link":"https:\/\/www.egemtv.com\/?p=39015","title":{"rendered":"Manisa\u2019daki orman yang\u0131nlar\u0131 devam ediyor"},"content":{"rendered":"<p>Manisa\u2019n\u0131n Kula ve Ahmetli il\u00e7elerinde d\u00fcn ba\u015flayan orman yang\u0131nlar\u0131 olumsuz hava \u015fartlar\u0131 nedeniyle kontrol alt\u0131na al\u0131namad\u0131. Ekiplerin yo\u011fun \u00e7abas\u0131na ra\u011fmen, r\u00fczgar\u0131n etkili oldu\u011fu b\u00f6lgelerde g\u00fcndo\u011fumu ile birlikte ekip say\u0131lar\u0131 da art\u0131r\u0131ld\u0131.<br \/>\n<br \/>Akhisar il\u00e7esinde cumartesi g\u00fcn\u00fcnden bu yana devam eden orman yang\u0131n\u0131ndan sonra d\u00fcn de Kula ve Ahmetli il\u00e7elerinde ba\u015flayan orman yang\u0131nlar\u0131 devam ediyor.<\/p>\n<p>Kula\u2019daki yang\u0131n<br \/>\n<br \/>Manisa\u2019n\u0131n Kula il\u00e7esine ba\u011fl\u0131 Encekler Mahallesinde zirai alanda ba\u015flayarak ormanl\u0131k alana s\u0131\u00e7rayan yang\u0131na Orman Genel M\u00fcd\u00fcrl\u00fc\u011f\u00fcne ait 7 helikopter, 35 araz\u00f6z, 10 su ikmal arac\u0131 ve 2 dozer ile m\u00fcdahale devam ediyor. Yang\u0131n\u0131 en k\u0131sa s\u00fcrede kontrol alt\u0131na almak i\u00e7in ekiplerin m\u00fcdahalesi devam ediyor. B\u00f6lgede 206 ki\u015finin g\u00f6rev yapt\u0131\u011f\u0131 bildirildi. \u00c7al\u0131\u015fmalara k\u00f6yl\u00fcler de destek veriyor.<\/p>\n<p>Ahmetli\u2019deki yang\u0131n Salihli\u2019ye ula\u015ft\u0131<br \/>\n<br \/>Ahmetli il\u00e7esi Derek\u00f6y Mahallesinde \u00e7\u00f6pl\u00fckten ba\u015flayarak ormana s\u0131\u00e7rayan yang\u0131n ise Salihli il\u00e7esine kadar ula\u015ft\u0131. Yang\u0131na Orman Genel M\u00fcd\u00fcrl\u00fc\u011f\u00fcne ait 5 u\u00e7ak, 7 helikopter, 35 araz\u00f6z, 10 su ikmal arac\u0131 ve 4 dozer ile m\u00fcdahale ediliyor. 232 ki\u015fi orman yang\u0131n\u0131n\u0131 kontrol alt\u0131na alabilmek i\u00e7in var g\u00fc\u00e7leriyle \u00e7al\u0131\u015f\u0131yor.<br \/>\n<br \/>Manisa\u2019n\u0131n 3 ayr\u0131 il\u00e7esindeki orman yang\u0131nlar\u0131na ekiplerin m\u00fcdahalesi kuvvetli r\u00fczgara ra\u011fmen devam ediyor.<br \/><\/p>\n","protected":false},"excerpt":{"rendered":"<p>Manisa\u2019n\u0131n Kula ve Ahmetli il\u00e7elerinde d\u00fcn ba\u015flayan orman yang\u0131nlar\u0131 olumsuz hava \u015fartlar\u0131 nedeniyle kontrol alt\u0131na al\u0131namad\u0131. Ekiplerin yo\u011fun \u00e7abas\u0131na ra\u011fmen, r\u00fczgar\u0131n etkili oldu\u011fu b\u00f6lgelerde g\u00fcndo\u011fumu ile birlikte ekip say\u0131lar\u0131 da art\u0131r\u0131ld\u0131. Akhisar il\u00e7esinde cumartesi g\u00fcn\u00fcnden bu yana devam eden orman yang\u0131n\u0131ndan sonra d\u00fcn de Kula ve Ahmetli il\u00e7elerinde ba\u015flayan orman yang\u0131nlar\u0131 devam ediyor. Kula\u2019daki yang\u0131n&#8230;<\/p>\n","protected":false},"author":1,"featured_media":39016,"comment_status":"open","ping_status":"open","sticky":false,"template":"","format":"standard","meta":{"_crdt_document":"","footnotes":""},"categories":[5],"tags":[],"class_list":["post-39015","post","type-post","status-publish","format-standard","has-post-thumbnail","hentry","category-asayis"],"_links":{"self":[{"href":"https:\/\/www.egemtv.com\/index.php?rest_route=\/wp\/v2\/posts\/39015","targetHints":{"allow":["GET"]}}],"collection":[{"href":"https:\/\/www.egemtv.com\/index.php?rest_route=\/wp\/v2\/posts"}],"about":[{"href":"https:\/\/www.egemtv.com\/index.php?rest_route=\/wp\/v2\/types\/post"}],"author":[{"embeddable":true,"href":"https:\/\/www.egemtv.com\/index.php?rest_route=\/wp\/v2\/users\/1"}],"replies":[{"embeddable":true,"href":"https:\/\/www.egemtv.com\/index.php?rest_route=%2Fwp%2Fv2%2Fcomments&post=39015"}],"version-history":[{"count":1,"href":"https:\/\/www.egemtv.com\/index.php?rest_route=\/wp\/v2\/posts\/39015\/revisions"}],"predecessor-version":[{"id":39017,"href":"https:\/\/www.egemtv.com\/index.php?rest_route=\/wp\/v2\/posts\/39015\/revisions\/39017"}],"wp:featuredmedia":[{"embeddable":true,"href":"https:\/\/www.egemtv.com\/index.php?rest_route=\/wp\/v2\/media\/39016"}],"wp:attachment":[{"href":"https:\/\/www.egemtv.com\/index.php?rest_route=%2Fwp%2Fv2%2Fmedia&parent=39015"}],"wp:term":[{"taxonomy":"category","embeddable":true,"href":"https:\/\/www.egemtv.com\/index.php?rest_route=%2Fwp%2Fv2%2Fcategories&post=39015"},{"taxonomy":"post_tag","embeddable":true,"href":"https:\/\/www.egemtv.com\/index.php?rest_route=%2Fwp%2Fv2%2Ftags&post=39015"}],"curies":[{"name":"wp","href":"https:\/\/api.w.org\/{rel}","templated":true}]}}