{"id":39012,"date":"2025-07-01T01:55:06","date_gmt":"2025-06-30T22:55:06","guid":{"rendered":"https:\/\/www.egemtv.com\/?p=39012"},"modified":"2025-07-01T01:55:10","modified_gmt":"2025-06-30T22:55:10","slug":"kulada-orman-yanginina-mudahale-suruyor","status":"publish","type":"post","link":"https:\/\/www.egemtv.com\/?p=39012","title":{"rendered":"Kula\u2019da orman yang\u0131n\u0131na m\u00fcdahale s\u00fcr\u00fcyor"},"content":{"rendered":"<p>Manisa\u2019n\u0131n Kula il\u00e7esinde ormanl\u0131k alanda yang\u0131n \u00e7\u0131kt\u0131. R\u00fczgar\u0131n da etkisiyle h\u0131zla geni\u015f alana yay\u0131lan yang\u0131na ekiplerin havadan ve karadan m\u00fcdahalesi s\u00fcr\u00fcyor.<br \/>\n<br \/>Yang\u0131n saat, 16.00 s\u0131ralar\u0131nda Encekler Mahallesi\u2019ndeki ormanl\u0131k alanda hen\u00fcz belirlenemeyen nedenle ba\u015flad\u0131. \u0130hbar \u00fczerine b\u00f6lgeye \u0130zmir Orman B\u00f6lge M\u00fcd\u00fcrl\u00fc\u011f\u00fc, Manisa B\u00fcy\u00fck\u015fehir Belediyesi \u0130tfaiye ekipleri ile Kula Belediyesine ait i\u015f makineleri ve su tankerleri sevk edildi. Havan\u0131n kararmas\u0131yla birlikte hava m\u00fcdahalesi sona ererken, \u00e7al\u0131\u015fmalar karadan yo\u011fun \u015fekilde devam ediyor. Encekler Mahallesi\u2019ne ba\u011fl\u0131 30 haneli \u00c7omakl\u0131 Mahallesi\u2019nde vatanda\u015flar tedbir ama\u00e7l\u0131 olarak tahliye edildi. Yang\u0131na, 20 araz\u00f6z, 3 helikopter, itfaiye ekipleri ile 7 dozer, 100 personel ve mahalle sakinleri m\u00fcdahale ediyor.<br \/>\n<br \/>\u00d6te yandan Kula Kaymakam\u0131 Talha Altunta\u015f, Kula Belediye Ba\u015fkan\u0131 Hikmet D\u00f6nmez, Kula Belediye Ba\u015fkan Yard\u0131mc\u0131s\u0131 Mehmet U\u00e7ak ve Kula \u0130l\u00e7e Jandarma Komutan\u0131 \u00dcste\u011fmen Bayram Y\u00fcksel de yang\u0131n\u0131n ba\u015flad\u0131\u011f\u0131 andan itibaren olay yerinde g\u00f6zlem \u00e7al\u0131\u015fmalar\u0131n\u0131 s\u00fcrd\u00fcr\u00fcyor.<br \/><\/p>\n","protected":false},"excerpt":{"rendered":"<p>Manisa\u2019n\u0131n Kula il\u00e7esinde ormanl\u0131k alanda yang\u0131n \u00e7\u0131kt\u0131. R\u00fczgar\u0131n da etkisiyle h\u0131zla geni\u015f alana yay\u0131lan yang\u0131na ekiplerin havadan ve karadan m\u00fcdahalesi s\u00fcr\u00fcyor. Yang\u0131n saat, 16.00 s\u0131ralar\u0131nda Encekler Mahallesi\u2019ndeki ormanl\u0131k alanda hen\u00fcz belirlenemeyen nedenle ba\u015flad\u0131. \u0130hbar \u00fczerine b\u00f6lgeye \u0130zmir Orman B\u00f6lge M\u00fcd\u00fcrl\u00fc\u011f\u00fc, Manisa B\u00fcy\u00fck\u015fehir Belediyesi \u0130tfaiye ekipleri ile Kula Belediyesine ait i\u015f makineleri ve su tankerleri sevk&#8230;<\/p>\n","protected":false},"author":1,"featured_media":39013,"comment_status":"open","ping_status":"open","sticky":false,"template":"","format":"standard","meta":{"_crdt_document":"","footnotes":""},"categories":[5],"tags":[],"class_list":["post-39012","post","type-post","status-publish","format-standard","has-post-thumbnail","hentry","category-asayis"],"_links":{"self":[{"href":"https:\/\/www.egemtv.com\/index.php?rest_route=\/wp\/v2\/posts\/39012","targetHints":{"allow":["GET"]}}],"collection":[{"href":"https:\/\/www.egemtv.com\/index.php?rest_route=\/wp\/v2\/posts"}],"about":[{"href":"https:\/\/www.egemtv.com\/index.php?rest_route=\/wp\/v2\/types\/post"}],"author":[{"embeddable":true,"href":"https:\/\/www.egemtv.com\/index.php?rest_route=\/wp\/v2\/users\/1"}],"replies":[{"embeddable":true,"href":"https:\/\/www.egemtv.com\/index.php?rest_route=%2Fwp%2Fv2%2Fcomments&post=39012"}],"version-history":[{"count":1,"href":"https:\/\/www.egemtv.com\/index.php?rest_route=\/wp\/v2\/posts\/39012\/revisions"}],"predecessor-version":[{"id":39014,"href":"https:\/\/www.egemtv.com\/index.php?rest_route=\/wp\/v2\/posts\/39012\/revisions\/39014"}],"wp:featuredmedia":[{"embeddable":true,"href":"https:\/\/www.egemtv.com\/index.php?rest_route=\/wp\/v2\/media\/39013"}],"wp:attachment":[{"href":"https:\/\/www.egemtv.com\/index.php?rest_route=%2Fwp%2Fv2%2Fmedia&parent=39012"}],"wp:term":[{"taxonomy":"category","embeddable":true,"href":"https:\/\/www.egemtv.com\/index.php?rest_route=%2Fwp%2Fv2%2Fcategories&post=39012"},{"taxonomy":"post_tag","embeddable":true,"href":"https:\/\/www.egemtv.com\/index.php?rest_route=%2Fwp%2Fv2%2Ftags&post=39012"}],"curies":[{"name":"wp","href":"https:\/\/api.w.org\/{rel}","templated":true}]}}