{"id":39009,"date":"2025-07-01T01:35:27","date_gmt":"2025-06-30T22:35:27","guid":{"rendered":"https:\/\/www.egemtv.com\/?p=39009"},"modified":"2025-07-01T01:35:32","modified_gmt":"2025-06-30T22:35:32","slug":"ahmetlide-cikan-orman-yangini-salihliye-ulasti","status":"publish","type":"post","link":"https:\/\/www.egemtv.com\/?p=39009","title":{"rendered":"Ahmetli\u2019de \u00e7\u0131kan orman yang\u0131n\u0131 Salihli\u2019ye ula\u015ft\u0131"},"content":{"rendered":"<p>Manisa\u2019n\u0131n Ahmetli il\u00e7esinde \u00e7\u00f6pl\u00fck alanda \u00e7\u0131kan ve r\u00fczgar\u0131n da etkisiyle ormana s\u0131\u00e7rayan yang\u0131n Salihli\u2019ye ula\u015ft\u0131. Yang\u0131n nedeniyle Salihli\u2019de 2 mahalle tedbir ama\u00e7l\u0131 tahliye edildi.<br \/>\n<br \/>Yang\u0131n, Ahmetli il\u00e7esinde d\u00fcn saat 17.30 s\u0131ralar\u0131nda il\u00e7e merkezi yak\u0131n\u0131ndaki \u00e7\u00f6pl\u00fck alanda \u00e7\u0131kt\u0131. R\u00fczgar\u0131n da etkisiyle yay\u0131lan alevlerin ormana s\u0131\u00e7ramas\u0131 \u00fczerine b\u00f6lgeye \u0130zmir Orman B\u00f6lge M\u00fcd\u00fcrl\u00fc\u011f\u00fc\u2019ne ba\u011fl\u0131 ekipler sevk edildi. Yang\u0131na 2 u\u00e7ak, 1 helikopter, 10 araz\u00f6z ve 2 su tankeri ile m\u00fcdahale ba\u015flat\u0131ld\u0131.<br \/>\n<br \/>Yang\u0131n \u015fiddetli r\u00fczgar\u0131n da etkisiyle ak\u015fam saatlerinde Salihli\u2019nin \u00c7ayp\u0131nar ve Mersindere mahallerine kadar ula\u015ft\u0131. Yang\u0131n\u0131n her iki mahalleyi tehdit etmesi \u00fczerine vatanda\u015flar g\u00fcvenli b\u00f6lgelere nakledilirken b\u00fcy\u00fckba\u015f ve k\u00fc\u00e7\u00fckba\u015f hayvanlar kamyonlarla Salihli Hayvan Pazar\u0131\u2019na ta\u015f\u0131nd\u0131.<br \/>\n<br \/>Mersindere Mahallesi Yaryol Mevkiinde etkisini s\u00fcrd\u00fcren yang\u0131na \u0130zmir Orman B\u00f6lge M\u00fcd\u00fcrl\u00fc\u011f\u00fc\u2019ne ba\u011fl\u0131 ekiplerin yan\u0131 s\u0131ra \u00e7evre il ve il\u00e7elerden \u00e7ok say\u0131da itfaiye arac\u0131 ile yer ekibi sevk edildi.<br \/>\n<br \/>Salihli Kaymakam\u0131 Ali G\u00fcldo\u011fan, Salihli Belediye Ba\u015fkan\u0131 Mazlum Nurlu, \u0130l\u00e7e Jandarma Komutan\u0131 Binba\u015f\u0131 Do\u011fukan Karaaslan da b\u00f6lgeye gelerek s\u00f6nd\u00fcrme \u00e7al\u0131\u015fmalar\u0131 hakk\u0131nda bilgi ald\u0131.<br \/>\n<br \/>Yetkililer, yang\u0131n\u0131 kontrol alt\u0131na almak i\u00e7in \u00e7al\u0131\u015fmalar\u0131n yo\u011fun \u015fekilde s\u00fcrd\u00fc\u011f\u00fc kaydetti.<br \/><\/p>\n","protected":false},"excerpt":{"rendered":"<p>Manisa\u2019n\u0131n Ahmetli il\u00e7esinde \u00e7\u00f6pl\u00fck alanda \u00e7\u0131kan ve r\u00fczgar\u0131n da etkisiyle ormana s\u0131\u00e7rayan yang\u0131n Salihli\u2019ye ula\u015ft\u0131. Yang\u0131n nedeniyle Salihli\u2019de 2 mahalle tedbir ama\u00e7l\u0131 tahliye edildi. Yang\u0131n, Ahmetli il\u00e7esinde d\u00fcn saat 17.30 s\u0131ralar\u0131nda il\u00e7e merkezi yak\u0131n\u0131ndaki \u00e7\u00f6pl\u00fck alanda \u00e7\u0131kt\u0131. R\u00fczgar\u0131n da etkisiyle yay\u0131lan alevlerin ormana s\u0131\u00e7ramas\u0131 \u00fczerine b\u00f6lgeye \u0130zmir Orman B\u00f6lge M\u00fcd\u00fcrl\u00fc\u011f\u00fc\u2019ne ba\u011fl\u0131 ekipler sevk edildi. Yang\u0131na&#8230;<\/p>\n","protected":false},"author":1,"featured_media":39010,"comment_status":"open","ping_status":"open","sticky":false,"template":"","format":"standard","meta":{"_crdt_document":"","footnotes":""},"categories":[5],"tags":[],"class_list":["post-39009","post","type-post","status-publish","format-standard","has-post-thumbnail","hentry","category-asayis"],"_links":{"self":[{"href":"https:\/\/www.egemtv.com\/index.php?rest_route=\/wp\/v2\/posts\/39009","targetHints":{"allow":["GET"]}}],"collection":[{"href":"https:\/\/www.egemtv.com\/index.php?rest_route=\/wp\/v2\/posts"}],"about":[{"href":"https:\/\/www.egemtv.com\/index.php?rest_route=\/wp\/v2\/types\/post"}],"author":[{"embeddable":true,"href":"https:\/\/www.egemtv.com\/index.php?rest_route=\/wp\/v2\/users\/1"}],"replies":[{"embeddable":true,"href":"https:\/\/www.egemtv.com\/index.php?rest_route=%2Fwp%2Fv2%2Fcomments&post=39009"}],"version-history":[{"count":1,"href":"https:\/\/www.egemtv.com\/index.php?rest_route=\/wp\/v2\/posts\/39009\/revisions"}],"predecessor-version":[{"id":39011,"href":"https:\/\/www.egemtv.com\/index.php?rest_route=\/wp\/v2\/posts\/39009\/revisions\/39011"}],"wp:featuredmedia":[{"embeddable":true,"href":"https:\/\/www.egemtv.com\/index.php?rest_route=\/wp\/v2\/media\/39010"}],"wp:attachment":[{"href":"https:\/\/www.egemtv.com\/index.php?rest_route=%2Fwp%2Fv2%2Fmedia&parent=39009"}],"wp:term":[{"taxonomy":"category","embeddable":true,"href":"https:\/\/www.egemtv.com\/index.php?rest_route=%2Fwp%2Fv2%2Fcategories&post=39009"},{"taxonomy":"post_tag","embeddable":true,"href":"https:\/\/www.egemtv.com\/index.php?rest_route=%2Fwp%2Fv2%2Ftags&post=39009"}],"curies":[{"name":"wp","href":"https:\/\/api.w.org\/{rel}","templated":true}]}}