{"id":39006,"date":"2025-07-01T00:14:49","date_gmt":"2025-06-30T21:14:49","guid":{"rendered":"https:\/\/www.egemtv.com\/?p=39006"},"modified":"2025-07-01T00:14:53","modified_gmt":"2025-06-30T21:14:53","slug":"kafa-kafaya-carpistilar-3-yarali","status":"publish","type":"post","link":"https:\/\/www.egemtv.com\/?p=39006","title":{"rendered":"Kafa kafaya \u00e7arp\u0131\u015ft\u0131lar: 3 yaral\u0131"},"content":{"rendered":"<p>Ayd\u0131n\u2019\u0131n Bozdo\u011fan il\u00e7esinde ak\u015fam saatlerinde iki otomobilin kafa kafaya \u00e7arp\u0131\u015fmas\u0131 sonucu meydana gelen trafik kazas\u0131nda 3 ki\u015fi yaraland\u0131.<br \/>\n<br \/>Kaza Bozdo\u011fan &#8211; Yata\u011fan karayolu \u00fczeri Alt\u0131nta\u015f Mahallesi\u2019nde meydana geldi. M.G. idaresindeki 09 E 4199 plakal\u0131 otomobil Bozdo\u011fan\u2019dan Yata\u011fan il\u00e7esi istikametine do\u011fru seyir halinde iken kar\u015f\u0131 istikametten gelen B.E. y\u00f6netimindeki 09 AK 571 plakal\u0131 otomobille kafa kafaya \u00e7arp\u0131\u015ft\u0131. Kaza ihbar\u0131 \u00fczerine b\u00f6lgeye jandarma, sa\u011fl\u0131k ve itfaiye ekipleri sevk edildi. Kazada yaralanan M.G, B.E. ve G.E. ambulanslarla hastaneye kald\u0131r\u0131ld\u0131.<br \/>\n<br \/>Kazayla ilgili soru\u015fturma s\u00fcr\u00fcyor.<br \/><\/p>\n","protected":false},"excerpt":{"rendered":"<p>Ayd\u0131n\u2019\u0131n Bozdo\u011fan il\u00e7esinde ak\u015fam saatlerinde iki otomobilin kafa kafaya \u00e7arp\u0131\u015fmas\u0131 sonucu meydana gelen trafik kazas\u0131nda 3 ki\u015fi yaraland\u0131. Kaza Bozdo\u011fan &#8211; Yata\u011fan karayolu \u00fczeri Alt\u0131nta\u015f Mahallesi\u2019nde meydana geldi. M.G. idaresindeki 09 E 4199 plakal\u0131 otomobil Bozdo\u011fan\u2019dan Yata\u011fan il\u00e7esi istikametine do\u011fru seyir halinde iken kar\u015f\u0131 istikametten gelen B.E. y\u00f6netimindeki 09 AK 571 plakal\u0131 otomobille kafa kafaya&#8230;<\/p>\n","protected":false},"author":1,"featured_media":39007,"comment_status":"open","ping_status":"open","sticky":false,"template":"","format":"standard","meta":{"_crdt_document":"","footnotes":""},"categories":[5],"tags":[],"class_list":["post-39006","post","type-post","status-publish","format-standard","has-post-thumbnail","hentry","category-asayis"],"_links":{"self":[{"href":"https:\/\/www.egemtv.com\/index.php?rest_route=\/wp\/v2\/posts\/39006","targetHints":{"allow":["GET"]}}],"collection":[{"href":"https:\/\/www.egemtv.com\/index.php?rest_route=\/wp\/v2\/posts"}],"about":[{"href":"https:\/\/www.egemtv.com\/index.php?rest_route=\/wp\/v2\/types\/post"}],"author":[{"embeddable":true,"href":"https:\/\/www.egemtv.com\/index.php?rest_route=\/wp\/v2\/users\/1"}],"replies":[{"embeddable":true,"href":"https:\/\/www.egemtv.com\/index.php?rest_route=%2Fwp%2Fv2%2Fcomments&post=39006"}],"version-history":[{"count":1,"href":"https:\/\/www.egemtv.com\/index.php?rest_route=\/wp\/v2\/posts\/39006\/revisions"}],"predecessor-version":[{"id":39008,"href":"https:\/\/www.egemtv.com\/index.php?rest_route=\/wp\/v2\/posts\/39006\/revisions\/39008"}],"wp:featuredmedia":[{"embeddable":true,"href":"https:\/\/www.egemtv.com\/index.php?rest_route=\/wp\/v2\/media\/39007"}],"wp:attachment":[{"href":"https:\/\/www.egemtv.com\/index.php?rest_route=%2Fwp%2Fv2%2Fmedia&parent=39006"}],"wp:term":[{"taxonomy":"category","embeddable":true,"href":"https:\/\/www.egemtv.com\/index.php?rest_route=%2Fwp%2Fv2%2Fcategories&post=39006"},{"taxonomy":"post_tag","embeddable":true,"href":"https:\/\/www.egemtv.com\/index.php?rest_route=%2Fwp%2Fv2%2Ftags&post=39006"}],"curies":[{"name":"wp","href":"https:\/\/api.w.org\/{rel}","templated":true}]}}