{"id":39003,"date":"2025-06-30T23:35:00","date_gmt":"2025-06-30T20:35:00","guid":{"rendered":"https:\/\/www.egemtv.com\/?p=39003"},"modified":"2025-06-30T23:35:05","modified_gmt":"2025-06-30T20:35:05","slug":"seferihisardaki-alevler-kusadasi-sahilinden-goruluyor","status":"publish","type":"post","link":"https:\/\/www.egemtv.com\/?p=39003","title":{"rendered":"Seferihisar\u2019daki alevler Ku\u015fadas\u0131 sahilinden g\u00f6r\u00fcl\u00fcyor"},"content":{"rendered":"<p>\u0130zmir\u2019in Seferihisar il\u00e7esinde 2 g\u00fcn \u00f6nce ba\u015flayan orman yang\u0131n\u0131 kontrol alt\u0131na al\u0131namazken, yang\u0131n\u0131n olu\u015fturdu\u011fu dumanlar ve alevler Ku\u015fadas\u0131\u2019ndan g\u00f6r\u00fcl\u00fcyor. \u00d6zellikle ak\u015fam saatlerinde alevlerin parlakl\u0131\u011f\u0131 Ku\u015fadas\u0131 sahil \u015feridinden net \u015fekilde se\u00e7iliyor.<br \/>\n<br \/>Yang\u0131n, Seferihisar\u2019\u0131n k\u0131rsal kesimlerinde etkili olmaya devam ederken, r\u00fczg\u00e2r\u0131n da etkisiyle geni\u015f bir alana yay\u0131ld\u0131. Yang\u0131n\u0131n yay\u0131lmas\u0131yla birlikte baz\u0131 yerle\u015fim yerleri tahliye edildi, b\u00f6lgeye \u00e7ok say\u0131da itfaiye ve orman i\u015f\u00e7isi sevk edildi. Ku\u015fadas\u0131\u2019nda ya\u015fayan vatanda\u015flar, g\u00fcn boyu g\u00f6ky\u00fcz\u00fcnde yo\u011fun duman tabakas\u0131n\u0131n g\u00f6r\u00fcld\u00fc\u011f\u00fcn\u00fc belirtirken, \u00f6zellikle geceleri Seferihisar y\u00f6n\u00fcnde g\u00f6ky\u00fcz\u00fcn\u00fcn k\u0131pk\u0131rm\u0131z\u0131 oldu\u011fu ifade edildi. Sosyal medyada payla\u015f\u0131lan g\u00f6r\u00fcnt\u00fclerde, Ku\u015fadas\u0131 sahilinden alevlerin ve duman\u0131n net \u015fekilde izlendi\u011fi g\u00f6r\u00fcld\u00fc.<br \/><\/p>\n","protected":false},"excerpt":{"rendered":"<p>\u0130zmir\u2019in Seferihisar il\u00e7esinde 2 g\u00fcn \u00f6nce ba\u015flayan orman yang\u0131n\u0131 kontrol alt\u0131na al\u0131namazken, yang\u0131n\u0131n olu\u015fturdu\u011fu dumanlar ve alevler Ku\u015fadas\u0131\u2019ndan g\u00f6r\u00fcl\u00fcyor. \u00d6zellikle ak\u015fam saatlerinde alevlerin parlakl\u0131\u011f\u0131 Ku\u015fadas\u0131 sahil \u015feridinden net \u015fekilde se\u00e7iliyor. Yang\u0131n, Seferihisar\u2019\u0131n k\u0131rsal kesimlerinde etkili olmaya devam ederken, r\u00fczg\u00e2r\u0131n da etkisiyle geni\u015f bir alana yay\u0131ld\u0131. Yang\u0131n\u0131n yay\u0131lmas\u0131yla birlikte baz\u0131 yerle\u015fim yerleri tahliye edildi, b\u00f6lgeye \u00e7ok&#8230;<\/p>\n","protected":false},"author":1,"featured_media":39004,"comment_status":"open","ping_status":"open","sticky":false,"template":"","format":"standard","meta":{"_crdt_document":"","footnotes":""},"categories":[5],"tags":[],"class_list":["post-39003","post","type-post","status-publish","format-standard","has-post-thumbnail","hentry","category-asayis"],"_links":{"self":[{"href":"https:\/\/www.egemtv.com\/index.php?rest_route=\/wp\/v2\/posts\/39003","targetHints":{"allow":["GET"]}}],"collection":[{"href":"https:\/\/www.egemtv.com\/index.php?rest_route=\/wp\/v2\/posts"}],"about":[{"href":"https:\/\/www.egemtv.com\/index.php?rest_route=\/wp\/v2\/types\/post"}],"author":[{"embeddable":true,"href":"https:\/\/www.egemtv.com\/index.php?rest_route=\/wp\/v2\/users\/1"}],"replies":[{"embeddable":true,"href":"https:\/\/www.egemtv.com\/index.php?rest_route=%2Fwp%2Fv2%2Fcomments&post=39003"}],"version-history":[{"count":1,"href":"https:\/\/www.egemtv.com\/index.php?rest_route=\/wp\/v2\/posts\/39003\/revisions"}],"predecessor-version":[{"id":39005,"href":"https:\/\/www.egemtv.com\/index.php?rest_route=\/wp\/v2\/posts\/39003\/revisions\/39005"}],"wp:featuredmedia":[{"embeddable":true,"href":"https:\/\/www.egemtv.com\/index.php?rest_route=\/wp\/v2\/media\/39004"}],"wp:attachment":[{"href":"https:\/\/www.egemtv.com\/index.php?rest_route=%2Fwp%2Fv2%2Fmedia&parent=39003"}],"wp:term":[{"taxonomy":"category","embeddable":true,"href":"https:\/\/www.egemtv.com\/index.php?rest_route=%2Fwp%2Fv2%2Fcategories&post=39003"},{"taxonomy":"post_tag","embeddable":true,"href":"https:\/\/www.egemtv.com\/index.php?rest_route=%2Fwp%2Fv2%2Ftags&post=39003"}],"curies":[{"name":"wp","href":"https:\/\/api.w.org\/{rel}","templated":true}]}}