{"id":38997,"date":"2025-06-30T23:15:42","date_gmt":"2025-06-30T20:15:42","guid":{"rendered":"https:\/\/www.egemtv.com\/?p=38997"},"modified":"2025-06-30T23:15:46","modified_gmt":"2025-06-30T20:15:46","slug":"bozdoganda-trafik-kazasi-2-yarali","status":"publish","type":"post","link":"https:\/\/www.egemtv.com\/?p=38997","title":{"rendered":"Bozdo\u011fan\u2019da trafik kazas\u0131: 2 yaral\u0131"},"content":{"rendered":"<p>Ayd\u0131n\u2019\u0131n Bozdo\u011fan il\u00e7esinde meydana gelen trafik kazas\u0131nda iki ki\u015fi a\u011f\u0131r yaraland\u0131.<br \/>\n<br \/>Kaza Madran Mahallesi\u2019nde meydana geldi. Edinilen bilgiye g\u00f6re, N.K. y\u00f6netimindeki otomobil, hen\u00fcz bilinmeyen bir nedenle kontrolden \u00e7\u0131karak yan yatt\u0131. Kazada s\u00fcr\u00fcc\u00fc N.K. ile e\u015fi S.K. a\u011f\u0131r \u015fekilde yaraland\u0131. \u0130hbar \u00fczerine olay yerine sa\u011fl\u0131k ve jandarma ekipleri sevk edildi. Yaral\u0131lar, olay yerindeki ilk m\u00fcdahalelerinin ard\u0131ndan hastaneye sevk edildi.<br \/>\n<br \/>Kazayla ilgili soru\u015fturma ba\u015flat\u0131ld\u0131.<br \/><\/p>\n","protected":false},"excerpt":{"rendered":"<p>Ayd\u0131n\u2019\u0131n Bozdo\u011fan il\u00e7esinde meydana gelen trafik kazas\u0131nda iki ki\u015fi a\u011f\u0131r yaraland\u0131. Kaza Madran Mahallesi\u2019nde meydana geldi. Edinilen bilgiye g\u00f6re, N.K. y\u00f6netimindeki otomobil, hen\u00fcz bilinmeyen bir nedenle kontrolden \u00e7\u0131karak yan yatt\u0131. Kazada s\u00fcr\u00fcc\u00fc N.K. ile e\u015fi S.K. a\u011f\u0131r \u015fekilde yaraland\u0131. \u0130hbar \u00fczerine olay yerine sa\u011fl\u0131k ve jandarma ekipleri sevk edildi. Yaral\u0131lar, olay yerindeki ilk m\u00fcdahalelerinin ard\u0131ndan&#8230;<\/p>\n","protected":false},"author":1,"featured_media":38998,"comment_status":"open","ping_status":"open","sticky":false,"template":"","format":"standard","meta":{"_crdt_document":"","footnotes":""},"categories":[5],"tags":[],"class_list":["post-38997","post","type-post","status-publish","format-standard","has-post-thumbnail","hentry","category-asayis"],"_links":{"self":[{"href":"https:\/\/www.egemtv.com\/index.php?rest_route=\/wp\/v2\/posts\/38997","targetHints":{"allow":["GET"]}}],"collection":[{"href":"https:\/\/www.egemtv.com\/index.php?rest_route=\/wp\/v2\/posts"}],"about":[{"href":"https:\/\/www.egemtv.com\/index.php?rest_route=\/wp\/v2\/types\/post"}],"author":[{"embeddable":true,"href":"https:\/\/www.egemtv.com\/index.php?rest_route=\/wp\/v2\/users\/1"}],"replies":[{"embeddable":true,"href":"https:\/\/www.egemtv.com\/index.php?rest_route=%2Fwp%2Fv2%2Fcomments&post=38997"}],"version-history":[{"count":1,"href":"https:\/\/www.egemtv.com\/index.php?rest_route=\/wp\/v2\/posts\/38997\/revisions"}],"predecessor-version":[{"id":38999,"href":"https:\/\/www.egemtv.com\/index.php?rest_route=\/wp\/v2\/posts\/38997\/revisions\/38999"}],"wp:featuredmedia":[{"embeddable":true,"href":"https:\/\/www.egemtv.com\/index.php?rest_route=\/wp\/v2\/media\/38998"}],"wp:attachment":[{"href":"https:\/\/www.egemtv.com\/index.php?rest_route=%2Fwp%2Fv2%2Fmedia&parent=38997"}],"wp:term":[{"taxonomy":"category","embeddable":true,"href":"https:\/\/www.egemtv.com\/index.php?rest_route=%2Fwp%2Fv2%2Fcategories&post=38997"},{"taxonomy":"post_tag","embeddable":true,"href":"https:\/\/www.egemtv.com\/index.php?rest_route=%2Fwp%2Fv2%2Ftags&post=38997"}],"curies":[{"name":"wp","href":"https:\/\/api.w.org\/{rel}","templated":true}]}}