{"id":38994,"date":"2025-06-30T22:55:52","date_gmt":"2025-06-30T19:55:52","guid":{"rendered":"https:\/\/www.egemtv.com\/?p=38994"},"modified":"2025-06-30T22:55:56","modified_gmt":"2025-06-30T19:55:56","slug":"simavda-palet-fabrikasinda-cikan-yangin","status":"publish","type":"post","link":"https:\/\/www.egemtv.com\/?p=38994","title":{"rendered":"Simav\u2019da palet fabrikas\u0131nda \u00e7\u0131kan yang\u0131n"},"content":{"rendered":"<p>K\u00fctahya\u2019n\u0131n Simav il\u00e7esinde bir palet fabrikas\u0131nda \u00e7\u0131kan yang\u0131n itfaiye ekipleri taraf\u0131ndan s\u00f6nd\u00fcr\u00fcld\u00fc.<br \/>\n<br \/>Edinilen bilgiye g\u00f6re, Simav Esenevler Mahallesi\u2019nde bulunan bir palet fabrikas\u0131nda saat 18.15 sular\u0131nda hen\u00fcz belirlenemeyen bir nedenle yang\u0131n \u00e7\u0131kt\u0131. Vatanda\u015flar\u0131n ihbar\u0131 \u00fczerine b\u00f6lgeye Simav ve belde belediye itfaiye ekipleri ile Orman \u0130\u015fletme M\u00fcd\u00fcrl\u00fc\u011f\u00fc ekipleri sevk edildi. Alevlerin fabrikan\u0131n b\u00fcy\u00fck bir b\u00f6l\u00fcm\u00fcn\u00fc sard\u0131\u011f\u0131 yang\u0131n itfaiye ekiplerinin yo\u011fun \u00e7abalar\u0131 sonucu 3,5 saatte s\u00f6nd\u00fcr\u00fcld\u00fc. Yang\u0131nda fabrikada b\u00fcy\u00fck hasar olu\u015ftu.<br \/><\/p>\n","protected":false},"excerpt":{"rendered":"<p>K\u00fctahya\u2019n\u0131n Simav il\u00e7esinde bir palet fabrikas\u0131nda \u00e7\u0131kan yang\u0131n itfaiye ekipleri taraf\u0131ndan s\u00f6nd\u00fcr\u00fcld\u00fc. Edinilen bilgiye g\u00f6re, Simav Esenevler Mahallesi\u2019nde bulunan bir palet fabrikas\u0131nda saat 18.15 sular\u0131nda hen\u00fcz belirlenemeyen bir nedenle yang\u0131n \u00e7\u0131kt\u0131. Vatanda\u015flar\u0131n ihbar\u0131 \u00fczerine b\u00f6lgeye Simav ve belde belediye itfaiye ekipleri ile Orman \u0130\u015fletme M\u00fcd\u00fcrl\u00fc\u011f\u00fc ekipleri sevk edildi. Alevlerin fabrikan\u0131n b\u00fcy\u00fck bir b\u00f6l\u00fcm\u00fcn\u00fc sard\u0131\u011f\u0131 yang\u0131n&#8230;<\/p>\n","protected":false},"author":1,"featured_media":38995,"comment_status":"open","ping_status":"open","sticky":false,"template":"","format":"standard","meta":{"_crdt_document":"","footnotes":""},"categories":[5],"tags":[],"class_list":["post-38994","post","type-post","status-publish","format-standard","has-post-thumbnail","hentry","category-asayis"],"_links":{"self":[{"href":"https:\/\/www.egemtv.com\/index.php?rest_route=\/wp\/v2\/posts\/38994","targetHints":{"allow":["GET"]}}],"collection":[{"href":"https:\/\/www.egemtv.com\/index.php?rest_route=\/wp\/v2\/posts"}],"about":[{"href":"https:\/\/www.egemtv.com\/index.php?rest_route=\/wp\/v2\/types\/post"}],"author":[{"embeddable":true,"href":"https:\/\/www.egemtv.com\/index.php?rest_route=\/wp\/v2\/users\/1"}],"replies":[{"embeddable":true,"href":"https:\/\/www.egemtv.com\/index.php?rest_route=%2Fwp%2Fv2%2Fcomments&post=38994"}],"version-history":[{"count":1,"href":"https:\/\/www.egemtv.com\/index.php?rest_route=\/wp\/v2\/posts\/38994\/revisions"}],"predecessor-version":[{"id":38996,"href":"https:\/\/www.egemtv.com\/index.php?rest_route=\/wp\/v2\/posts\/38994\/revisions\/38996"}],"wp:featuredmedia":[{"embeddable":true,"href":"https:\/\/www.egemtv.com\/index.php?rest_route=\/wp\/v2\/media\/38995"}],"wp:attachment":[{"href":"https:\/\/www.egemtv.com\/index.php?rest_route=%2Fwp%2Fv2%2Fmedia&parent=38994"}],"wp:term":[{"taxonomy":"category","embeddable":true,"href":"https:\/\/www.egemtv.com\/index.php?rest_route=%2Fwp%2Fv2%2Fcategories&post=38994"},{"taxonomy":"post_tag","embeddable":true,"href":"https:\/\/www.egemtv.com\/index.php?rest_route=%2Fwp%2Fv2%2Ftags&post=38994"}],"curies":[{"name":"wp","href":"https:\/\/api.w.org\/{rel}","templated":true}]}}