{"id":38991,"date":"2025-06-30T22:45:53","date_gmt":"2025-06-30T19:45:53","guid":{"rendered":"https:\/\/www.egemtv.com\/?p=38991"},"modified":"2025-06-30T22:45:58","modified_gmt":"2025-06-30T19:45:58","slug":"sultanhisar-yangini-kontrol-altina-alindi","status":"publish","type":"post","link":"https:\/\/www.egemtv.com\/?p=38991","title":{"rendered":"Sultanhisar yang\u0131n\u0131 kontrol alt\u0131na al\u0131nd\u0131"},"content":{"rendered":"<p>Ayd\u0131n\u2019\u0131n Sultanhisar il\u00e7esinde \u00e7\u0131kan orman yang\u0131n\u0131 kontrol alt\u0131na al\u0131n\u0131rken, b\u00f6lgede so\u011futma \u00e7al\u0131\u015fmalar\u0131 devam ediyor. Yang\u0131nda ne kadar alan\u0131n zarar g\u00f6rd\u00fc\u011f\u00fc ise a\u00e7\u0131klanmad\u0131.<br \/>\n<br \/>Ayd\u0131n\u00b4\u0131n Sultanhisar il\u00e7esine ba\u011fl\u0131 k\u0131rsal Kavakl\u0131 Mahallesi ormanl\u0131k alan\u0131nda \u00e7\u0131kan yang\u0131na havadan ve karadan m\u00fcdahale edildi. D\u00fcn ak\u015fam gece yar\u0131s\u0131 ba\u015flayan yang\u0131n\u0131n s\u00f6nd\u00fcrme \u00e7al\u0131\u015fmalar\u0131 devam ederken,  bug\u00fcn \u00f6\u011flen saatlerinden itibaren saatte 55-60 km esen \u015fiddetli r\u00fczgar sebebiyle tekrar alevlenen yang\u0131n\u0131n s\u00f6nd\u00fcrme \u00e7al\u0131\u015fmalar\u0131 aral\u0131ks\u0131z s\u00fcrd\u00fc. Havadan 2 u\u00e7ak, 5 helikopter, \u00e7ok say\u0131da araz\u00f6z ve orman i\u015f\u00e7isi ile yap\u0131lan m\u00fcdahaleye mahalle halk\u0131, Ayd\u0131n B\u00fcy\u00fck\u015fehir Belediyesi ekipleri ile arama kurtarma ekipleri destek verdi. Sarp alanda devam eden yang\u0131n ekiplerin m\u00fcdahalesi ile kontrol alt\u0131na al\u0131nd\u0131.<br \/><\/p>\n","protected":false},"excerpt":{"rendered":"<p>Ayd\u0131n\u2019\u0131n Sultanhisar il\u00e7esinde \u00e7\u0131kan orman yang\u0131n\u0131 kontrol alt\u0131na al\u0131n\u0131rken, b\u00f6lgede so\u011futma \u00e7al\u0131\u015fmalar\u0131 devam ediyor. Yang\u0131nda ne kadar alan\u0131n zarar g\u00f6rd\u00fc\u011f\u00fc ise a\u00e7\u0131klanmad\u0131. Ayd\u0131n\u00b4\u0131n Sultanhisar il\u00e7esine ba\u011fl\u0131 k\u0131rsal Kavakl\u0131 Mahallesi ormanl\u0131k alan\u0131nda \u00e7\u0131kan yang\u0131na havadan ve karadan m\u00fcdahale edildi. D\u00fcn ak\u015fam gece yar\u0131s\u0131 ba\u015flayan yang\u0131n\u0131n s\u00f6nd\u00fcrme \u00e7al\u0131\u015fmalar\u0131 devam ederken, bug\u00fcn \u00f6\u011flen saatlerinden itibaren saatte 55-60 km&#8230;<\/p>\n","protected":false},"author":1,"featured_media":38992,"comment_status":"open","ping_status":"open","sticky":false,"template":"","format":"standard","meta":{"_crdt_document":"","footnotes":""},"categories":[5],"tags":[],"class_list":["post-38991","post","type-post","status-publish","format-standard","has-post-thumbnail","hentry","category-asayis"],"_links":{"self":[{"href":"https:\/\/www.egemtv.com\/index.php?rest_route=\/wp\/v2\/posts\/38991","targetHints":{"allow":["GET"]}}],"collection":[{"href":"https:\/\/www.egemtv.com\/index.php?rest_route=\/wp\/v2\/posts"}],"about":[{"href":"https:\/\/www.egemtv.com\/index.php?rest_route=\/wp\/v2\/types\/post"}],"author":[{"embeddable":true,"href":"https:\/\/www.egemtv.com\/index.php?rest_route=\/wp\/v2\/users\/1"}],"replies":[{"embeddable":true,"href":"https:\/\/www.egemtv.com\/index.php?rest_route=%2Fwp%2Fv2%2Fcomments&post=38991"}],"version-history":[{"count":1,"href":"https:\/\/www.egemtv.com\/index.php?rest_route=\/wp\/v2\/posts\/38991\/revisions"}],"predecessor-version":[{"id":38993,"href":"https:\/\/www.egemtv.com\/index.php?rest_route=\/wp\/v2\/posts\/38991\/revisions\/38993"}],"wp:featuredmedia":[{"embeddable":true,"href":"https:\/\/www.egemtv.com\/index.php?rest_route=\/wp\/v2\/media\/38992"}],"wp:attachment":[{"href":"https:\/\/www.egemtv.com\/index.php?rest_route=%2Fwp%2Fv2%2Fmedia&parent=38991"}],"wp:term":[{"taxonomy":"category","embeddable":true,"href":"https:\/\/www.egemtv.com\/index.php?rest_route=%2Fwp%2Fv2%2Fcategories&post=38991"},{"taxonomy":"post_tag","embeddable":true,"href":"https:\/\/www.egemtv.com\/index.php?rest_route=%2Fwp%2Fv2%2Ftags&post=38991"}],"curies":[{"name":"wp","href":"https:\/\/api.w.org\/{rel}","templated":true}]}}