{"id":38988,"date":"2025-06-30T21:57:33","date_gmt":"2025-06-30T18:57:33","guid":{"rendered":"https:\/\/www.egemtv.com\/?p=38988"},"modified":"2025-06-30T21:57:38","modified_gmt":"2025-06-30T18:57:38","slug":"muglada-anlamli-konser","status":"publish","type":"post","link":"https:\/\/www.egemtv.com\/?p=38988","title":{"rendered":"Mu\u011fla\u2019da anlaml\u0131 konser"},"content":{"rendered":"<p>Mu\u011fla B\u00fcy\u00fck\u015fehir Belediyesi\u2019nin deste\u011fiyle d\u00fczenlenen &#8220;5. Geleneksel Mu\u011fla il\u00e7eleri T\u00fcrk Sanat M\u00fczi\u011fi Korolar\u0131 Konseri&#8221; m\u00fczi\u011fin birle\u015ftirici g\u00fcc\u00fcn\u00fc bir kez daha ortaya koydu.<\/p>\n<p>Kale K\u00fclt\u00fcr ve Sanat Derne\u011fi\u2019nin ev sahipli\u011finde ger\u00e7ekle\u015fen konserde Marmaris Musiki Derne\u011fi, K\u00f6yce\u011fiz TSM Toplulu\u011fu, Ortaca Kent Konseyi, Akyaka TSM Toplulu\u011fu ve Bodrum \u00c7al\u0131ku\u015fu K\u00fclt\u00fcr ve Sanat Derne\u011fi sahne ald\u0131. \u015eef Nilg\u00fcn Kale y\u00f6netiminde sahne alan korolar, izleyicilere unutulmaz bir gece ya\u015fatt\u0131.<\/p>\n<p>Konserde i\u015faret dili \u00e7evirisi de yap\u0131ld\u0131. T\u00fcrkiye \u015eampiyonu olan ve \u0130talya\u2019da d\u00fczenlenen uluslararas\u0131 turnuvada milli formayla \u00fclkemizi temsil eden Mu\u011fla Sessizler Spor Kul\u00fcb\u00fc Ba\u015fkan\u0131 Ay\u015fenur \u00c7ankaya ve kul\u00fcp \u00fcyeleri de konseri izledi. \u0130\u015faret diliyle \u015fark\u0131 s\u00f6zlerine e\u015flik eden i\u015fitme engelliler, m\u00fczi\u011fi hissettiklerini ve \u00e7ok keyifli bir gece ge\u00e7irdiklerini ifade etti.<\/p>\n<p>Fark\u0131ndal\u0131k olu\u015fturan bu \u00f6zel gecede eme\u011fi ge\u00e7enlere te\u015fekk\u00fcr eden kat\u0131l\u0131mc\u0131lar, Nilg\u00fcn Kale ve Kale K\u00fclt\u00fcr ve Sanat Derne\u011fi b\u00fcnyesinde i\u015faret dili \u00f6\u011freticisi olan Fatma Y\u00fccel\u2019e ayr\u0131ca minnet duyduklar\u0131n\u0131 belirtti.<br \/><\/p>\n","protected":false},"excerpt":{"rendered":"<p>Mu\u011fla B\u00fcy\u00fck\u015fehir Belediyesi\u2019nin deste\u011fiyle d\u00fczenlenen &#8220;5. Geleneksel Mu\u011fla il\u00e7eleri T\u00fcrk Sanat M\u00fczi\u011fi Korolar\u0131 Konseri&#8221; m\u00fczi\u011fin birle\u015ftirici g\u00fcc\u00fcn\u00fc bir kez daha ortaya koydu. Kale K\u00fclt\u00fcr ve Sanat Derne\u011fi\u2019nin ev sahipli\u011finde ger\u00e7ekle\u015fen konserde Marmaris Musiki Derne\u011fi, K\u00f6yce\u011fiz TSM Toplulu\u011fu, Ortaca Kent Konseyi, Akyaka TSM Toplulu\u011fu ve Bodrum \u00c7al\u0131ku\u015fu K\u00fclt\u00fcr ve Sanat Derne\u011fi sahne ald\u0131. \u015eef Nilg\u00fcn Kale&#8230;<\/p>\n","protected":false},"author":1,"featured_media":38989,"comment_status":"open","ping_status":"open","sticky":false,"template":"","format":"standard","meta":{"_crdt_document":"","footnotes":""},"categories":[1],"tags":[],"class_list":["post-38988","post","type-post","status-publish","format-standard","has-post-thumbnail","hentry","category-guncel"],"_links":{"self":[{"href":"https:\/\/www.egemtv.com\/index.php?rest_route=\/wp\/v2\/posts\/38988","targetHints":{"allow":["GET"]}}],"collection":[{"href":"https:\/\/www.egemtv.com\/index.php?rest_route=\/wp\/v2\/posts"}],"about":[{"href":"https:\/\/www.egemtv.com\/index.php?rest_route=\/wp\/v2\/types\/post"}],"author":[{"embeddable":true,"href":"https:\/\/www.egemtv.com\/index.php?rest_route=\/wp\/v2\/users\/1"}],"replies":[{"embeddable":true,"href":"https:\/\/www.egemtv.com\/index.php?rest_route=%2Fwp%2Fv2%2Fcomments&post=38988"}],"version-history":[{"count":1,"href":"https:\/\/www.egemtv.com\/index.php?rest_route=\/wp\/v2\/posts\/38988\/revisions"}],"predecessor-version":[{"id":38990,"href":"https:\/\/www.egemtv.com\/index.php?rest_route=\/wp\/v2\/posts\/38988\/revisions\/38990"}],"wp:featuredmedia":[{"embeddable":true,"href":"https:\/\/www.egemtv.com\/index.php?rest_route=\/wp\/v2\/media\/38989"}],"wp:attachment":[{"href":"https:\/\/www.egemtv.com\/index.php?rest_route=%2Fwp%2Fv2%2Fmedia&parent=38988"}],"wp:term":[{"taxonomy":"category","embeddable":true,"href":"https:\/\/www.egemtv.com\/index.php?rest_route=%2Fwp%2Fv2%2Fcategories&post=38988"},{"taxonomy":"post_tag","embeddable":true,"href":"https:\/\/www.egemtv.com\/index.php?rest_route=%2Fwp%2Fv2%2Ftags&post=38988"}],"curies":[{"name":"wp","href":"https:\/\/api.w.org\/{rel}","templated":true}]}}