{"id":38982,"date":"2025-06-30T21:02:38","date_gmt":"2025-06-30T18:02:38","guid":{"rendered":"https:\/\/www.egemtv.com\/?p=38982"},"modified":"2025-06-30T21:02:44","modified_gmt":"2025-06-30T18:02:44","slug":"manisanin-farkli-bir-noktasinda-daha-orman-yangini-cikti","status":"publish","type":"post","link":"https:\/\/www.egemtv.com\/?p=38982","title":{"rendered":"Manisa\u2019n\u0131n farkl\u0131 bir noktas\u0131nda daha orman yang\u0131n\u0131 \u00e7\u0131kt\u0131"},"content":{"rendered":"<p>Manisa\u2019n\u0131n Ahmetli il\u00e7esinde \u00e7\u00f6pl\u00fckte ba\u015flayarak ormana s\u0131\u00e7rayan yang\u0131na havadan ve karadan m\u00fcdahale ediliyor.<br \/>\n<br \/>Manisa\u2019n\u0131n Ahmetli \u00e7\u00f6pl\u00fckte ba\u015flayan yang\u0131n ormanl\u0131k alana s\u0131\u00e7rad\u0131. Haber verilmesi \u00fczerine b\u00f6lgeye \u0130zmir Orman B\u00f6lge M\u00fcd\u00fcrl\u00fc\u011f\u00fcne ba\u011fl\u0131 2 u\u00e7ak, 1 helikopter, 10 araz\u00f6z, 2 su tankeri ile Manisa B\u00fcy\u00fck\u015fehir Belediyesi \u0130tfaiye Dairesi Ba\u015fkanl\u0131\u011f\u0131 ekipleri sevk edildi. Yang\u0131n\u0131 kontrol alt\u0131na alabilmek i\u00e7in havadan ve karadan ba\u015flat\u0131lan m\u00fccadele devam ediyor.<br \/><\/p>\n","protected":false},"excerpt":{"rendered":"<p>Manisa\u2019n\u0131n Ahmetli il\u00e7esinde \u00e7\u00f6pl\u00fckte ba\u015flayarak ormana s\u0131\u00e7rayan yang\u0131na havadan ve karadan m\u00fcdahale ediliyor. Manisa\u2019n\u0131n Ahmetli \u00e7\u00f6pl\u00fckte ba\u015flayan yang\u0131n ormanl\u0131k alana s\u0131\u00e7rad\u0131. Haber verilmesi \u00fczerine b\u00f6lgeye \u0130zmir Orman B\u00f6lge M\u00fcd\u00fcrl\u00fc\u011f\u00fcne ba\u011fl\u0131 2 u\u00e7ak, 1 helikopter, 10 araz\u00f6z, 2 su tankeri ile Manisa B\u00fcy\u00fck\u015fehir Belediyesi \u0130tfaiye Dairesi Ba\u015fkanl\u0131\u011f\u0131 ekipleri sevk edildi. Yang\u0131n\u0131 kontrol alt\u0131na alabilmek i\u00e7in havadan&#8230;<\/p>\n","protected":false},"author":1,"featured_media":38983,"comment_status":"open","ping_status":"open","sticky":false,"template":"","format":"standard","meta":{"_crdt_document":"","footnotes":""},"categories":[5],"tags":[],"class_list":["post-38982","post","type-post","status-publish","format-standard","has-post-thumbnail","hentry","category-asayis"],"_links":{"self":[{"href":"https:\/\/www.egemtv.com\/index.php?rest_route=\/wp\/v2\/posts\/38982","targetHints":{"allow":["GET"]}}],"collection":[{"href":"https:\/\/www.egemtv.com\/index.php?rest_route=\/wp\/v2\/posts"}],"about":[{"href":"https:\/\/www.egemtv.com\/index.php?rest_route=\/wp\/v2\/types\/post"}],"author":[{"embeddable":true,"href":"https:\/\/www.egemtv.com\/index.php?rest_route=\/wp\/v2\/users\/1"}],"replies":[{"embeddable":true,"href":"https:\/\/www.egemtv.com\/index.php?rest_route=%2Fwp%2Fv2%2Fcomments&post=38982"}],"version-history":[{"count":1,"href":"https:\/\/www.egemtv.com\/index.php?rest_route=\/wp\/v2\/posts\/38982\/revisions"}],"predecessor-version":[{"id":38984,"href":"https:\/\/www.egemtv.com\/index.php?rest_route=\/wp\/v2\/posts\/38982\/revisions\/38984"}],"wp:featuredmedia":[{"embeddable":true,"href":"https:\/\/www.egemtv.com\/index.php?rest_route=\/wp\/v2\/media\/38983"}],"wp:attachment":[{"href":"https:\/\/www.egemtv.com\/index.php?rest_route=%2Fwp%2Fv2%2Fmedia&parent=38982"}],"wp:term":[{"taxonomy":"category","embeddable":true,"href":"https:\/\/www.egemtv.com\/index.php?rest_route=%2Fwp%2Fv2%2Fcategories&post=38982"},{"taxonomy":"post_tag","embeddable":true,"href":"https:\/\/www.egemtv.com\/index.php?rest_route=%2Fwp%2Fv2%2Ftags&post=38982"}],"curies":[{"name":"wp","href":"https:\/\/api.w.org\/{rel}","templated":true}]}}