{"id":38979,"date":"2025-06-30T20:36:30","date_gmt":"2025-06-30T17:36:30","guid":{"rendered":"https:\/\/www.egemtv.com\/?p=38979"},"modified":"2025-06-30T20:36:35","modified_gmt":"2025-06-30T17:36:35","slug":"kulada-feci-kaza-baba-ve-3-cocugu-hayatini-kaybetti","status":"publish","type":"post","link":"https:\/\/www.egemtv.com\/?p=38979","title":{"rendered":"Kula\u2019da feci kaza: Baba ve 3 \u00e7ocu\u011fu hayat\u0131n\u0131 kaybetti"},"content":{"rendered":"<p>Manisa\u2019n\u0131n Kula il\u00e7esinde seyir halindeki otomobil, yol kenar\u0131nda park halindeki t\u0131ra arkadan \u00e7arpt\u0131. Kazada baba ve 3 \u00e7ocu\u011fu hayat\u0131n\u0131 kaybederken, kaza an\u0131 kameraya yans\u0131d\u0131.<br \/>\n<br \/>Kaza, saat 16.15 s\u0131ralar\u0131nda \u0130zmir &#8211; Ankara D300 karayolu Yurtba\u015f\u0131 Mahallesi\u2019nde meydana geldi. Edinilen bilgilere g\u00f6re, U\u015fak istikametinden Kula y\u00f6n\u00fcne seyir halinde olan R\u0131dvan A. (36) y\u00f6netimindeki otomobil, Yurtba\u015f\u0131 Mahallesi giri\u015finde bir lokantan\u0131n \u00f6n\u00fcnde park halinde bulunan 26 AKH 517 plakal\u0131 t\u0131ra arkadan \u00e7arpt\u0131. \u00c7arpman\u0131n etkisiyle otomobil hurdaya d\u00f6nerken, ara\u00e7ta bulunan s\u00fcr\u00fcc\u00fc R\u0131dvan A. ile \u00e7ocuklar\u0131 M.N.A. (12), Y.A. (9) ve M.T.A. (6) ara\u00e7 i\u00e7erisinde s\u0131k\u0131\u015ft\u0131. \u0130hbar \u00fczerine olay yerine \u00e7ok say\u0131da sa\u011fl\u0131k, jandarma ve Manisa B\u00fcy\u00fck\u015fehir Belediyesi \u0130tfaiye Dairesi Ba\u015fkanl\u0131\u011f\u0131\u2019na ba\u011fl\u0131 kurtarma ekipleri sevk edildi. Ekipler, ara\u00e7ta s\u0131k\u0131\u015fan baba ve 3 \u00e7ocu\u011funu uzun u\u011fra\u015flar sonucu \u00e7\u0131kard\u0131. Sa\u011fl\u0131k ekipleri taraf\u0131ndan yap\u0131lan kontrollerde 4 ki\u015finin de hayat\u0131n\u0131 kaybetti\u011fi belirlendi.<br \/>\n<br \/>Olay yerinde yap\u0131lan incelemenin ard\u0131ndan cenazeler, Kula Devlet Hastanesi morguna kald\u0131r\u0131ld\u0131. Kaza ile ilgili geni\u015f \u00e7apl\u0131 soru\u015fturma ba\u015flat\u0131ld\u0131.<br \/><\/p>\n","protected":false},"excerpt":{"rendered":"<p>Manisa\u2019n\u0131n Kula il\u00e7esinde seyir halindeki otomobil, yol kenar\u0131nda park halindeki t\u0131ra arkadan \u00e7arpt\u0131. Kazada baba ve 3 \u00e7ocu\u011fu hayat\u0131n\u0131 kaybederken, kaza an\u0131 kameraya yans\u0131d\u0131. Kaza, saat 16.15 s\u0131ralar\u0131nda \u0130zmir &#8211; Ankara D300 karayolu Yurtba\u015f\u0131 Mahallesi\u2019nde meydana geldi. Edinilen bilgilere g\u00f6re, U\u015fak istikametinden Kula y\u00f6n\u00fcne seyir halinde olan R\u0131dvan A. (36) y\u00f6netimindeki otomobil, Yurtba\u015f\u0131 Mahallesi giri\u015finde&#8230;<\/p>\n","protected":false},"author":1,"featured_media":38980,"comment_status":"open","ping_status":"open","sticky":false,"template":"","format":"standard","meta":{"_crdt_document":"","footnotes":""},"categories":[5],"tags":[],"class_list":["post-38979","post","type-post","status-publish","format-standard","has-post-thumbnail","hentry","category-asayis"],"_links":{"self":[{"href":"https:\/\/www.egemtv.com\/index.php?rest_route=\/wp\/v2\/posts\/38979","targetHints":{"allow":["GET"]}}],"collection":[{"href":"https:\/\/www.egemtv.com\/index.php?rest_route=\/wp\/v2\/posts"}],"about":[{"href":"https:\/\/www.egemtv.com\/index.php?rest_route=\/wp\/v2\/types\/post"}],"author":[{"embeddable":true,"href":"https:\/\/www.egemtv.com\/index.php?rest_route=\/wp\/v2\/users\/1"}],"replies":[{"embeddable":true,"href":"https:\/\/www.egemtv.com\/index.php?rest_route=%2Fwp%2Fv2%2Fcomments&post=38979"}],"version-history":[{"count":1,"href":"https:\/\/www.egemtv.com\/index.php?rest_route=\/wp\/v2\/posts\/38979\/revisions"}],"predecessor-version":[{"id":38981,"href":"https:\/\/www.egemtv.com\/index.php?rest_route=\/wp\/v2\/posts\/38979\/revisions\/38981"}],"wp:featuredmedia":[{"embeddable":true,"href":"https:\/\/www.egemtv.com\/index.php?rest_route=\/wp\/v2\/media\/38980"}],"wp:attachment":[{"href":"https:\/\/www.egemtv.com\/index.php?rest_route=%2Fwp%2Fv2%2Fmedia&parent=38979"}],"wp:term":[{"taxonomy":"category","embeddable":true,"href":"https:\/\/www.egemtv.com\/index.php?rest_route=%2Fwp%2Fv2%2Fcategories&post=38979"},{"taxonomy":"post_tag","embeddable":true,"href":"https:\/\/www.egemtv.com\/index.php?rest_route=%2Fwp%2Fv2%2Ftags&post=38979"}],"curies":[{"name":"wp","href":"https:\/\/api.w.org\/{rel}","templated":true}]}}