{"id":38973,"date":"2025-06-30T19:34:30","date_gmt":"2025-06-30T16:34:30","guid":{"rendered":"https:\/\/www.egemtv.com\/?p=38973"},"modified":"2025-06-30T19:34:36","modified_gmt":"2025-06-30T16:34:36","slug":"ulku-ocaklari-orman-yanginlarina-karsi-seferberlik-baslatti","status":"publish","type":"post","link":"https:\/\/www.egemtv.com\/?p=38973","title":{"rendered":"\u00dclk\u00fc Ocaklar\u0131, orman yang\u0131nlar\u0131na kar\u015f\u0131 seferberlik ba\u015flatt\u0131"},"content":{"rendered":"<p>Yang\u0131n sezonunun ba\u015flamas\u0131 ile birlikte \u00fclke genelinde etkili olan tar\u0131m arazisi ve orman yang\u0131nlar\u0131na kar\u015f\u0131 \u00dclk\u00fc Ocaklar\u0131 seferberlik ilan etti. \u00dclk\u00fc Ocaklar\u0131 E\u011fitim ve K\u00fclt\u00fcr Vakf\u0131 Genel Ba\u015fkan\u0131 Ahmet Yi\u011fit Y\u0131ld\u0131r\u0131m, &#8220;\u00dclk\u00fc Ocaklar\u0131 olarak, te\u015fkilatlar\u0131m\u0131z b\u00fcnyesinde e\u011fitimden ge\u00e7irilmi\u015f g\u00f6n\u00fcll\u00fc ekiplerimizle, orman yang\u0131nlar\u0131n\u0131n \u00e7\u0131kt\u0131\u011f\u0131 b\u00f6lgelerde g\u00f6rev alan itfaiye ve di\u011fer devlet birimlerinin yan\u0131nda, koordineli bi\u00e7imde \u00e7al\u0131\u015fmaya haz\u0131r\u0131z. Devletimizin her kurumuyla omuz omuza, bu ye\u015fil vatana sahip \u00e7\u0131kmak boynumuzun borcudur&#8221; dedi.<br \/>\n<br \/>\u00dclk\u00fc Ocaklar\u0131 Genel Ba\u015fkan\u0131 Ahmet Yi\u011fit Y\u0131ld\u0131r\u0131m\u2019\u0131n talimat\u0131 gere\u011fi haz\u0131rl\u0131klar\u0131n\u0131 tamamlad\u0131klar\u0131n\u0131 belirten Ayd\u0131n \u00dclk\u00fc Ocaklar\u0131 Ba\u015fkan\u0131 Hakan Karaku\u015f, &#8220;Genel Ba\u015fkan\u0131m\u0131z Say\u0131n Ahmet Yi\u011fit Y\u0131ld\u0131r\u0131m\u2019\u0131n, milletimizin ci\u011ferleri olan ormanlar\u0131m\u0131z\u0131 koruma \u00e7a\u011fr\u0131s\u0131n\u0131 t\u00fcm kalbimizle destekliyoruz. Bu bilin\u00e7le, bizler de il te\u015fkilat\u0131 olarak \u00fczerimize d\u00fc\u015fen her t\u00fcrl\u00fc sorumlulu\u011fu yerine getirmeye haz\u0131r oldu\u011fumuzu ilan ediyoruz. Te\u015fkilat mensuplar\u0131m\u0131z, e\u011fitimli g\u00f6n\u00fcll\u00fclerimiz ve \u00e7evreye duyarl\u0131 gen\u00e7lerimizle birlikte, orman yang\u0131nlar\u0131na kar\u015f\u0131 verilecek her m\u00fccadelede devletimizin, milletimizin ve do\u011fam\u0131z\u0131n yan\u0131nda olaca\u011f\u0131z. Gerekti\u011finde yang\u0131n b\u00f6lgelerine intikal edecek, yetkili kurumlarla koordineli bi\u00e7imde g\u00f6rev alaca\u011f\u0131z&#8221; diyerek halk\u0131n da yang\u0131nlara kar\u015f\u0131 daha duyarl\u0131 olmas\u0131n\u0131 istedi.<br \/><\/p>\n","protected":false},"excerpt":{"rendered":"<p>Yang\u0131n sezonunun ba\u015flamas\u0131 ile birlikte \u00fclke genelinde etkili olan tar\u0131m arazisi ve orman yang\u0131nlar\u0131na kar\u015f\u0131 \u00dclk\u00fc Ocaklar\u0131 seferberlik ilan etti. \u00dclk\u00fc Ocaklar\u0131 E\u011fitim ve K\u00fclt\u00fcr Vakf\u0131 Genel Ba\u015fkan\u0131 Ahmet Yi\u011fit Y\u0131ld\u0131r\u0131m, &#8220;\u00dclk\u00fc Ocaklar\u0131 olarak, te\u015fkilatlar\u0131m\u0131z b\u00fcnyesinde e\u011fitimden ge\u00e7irilmi\u015f g\u00f6n\u00fcll\u00fc ekiplerimizle, orman yang\u0131nlar\u0131n\u0131n \u00e7\u0131kt\u0131\u011f\u0131 b\u00f6lgelerde g\u00f6rev alan itfaiye ve di\u011fer devlet birimlerinin yan\u0131nda, koordineli bi\u00e7imde \u00e7al\u0131\u015fmaya&#8230;<\/p>\n","protected":false},"author":1,"featured_media":38974,"comment_status":"open","ping_status":"open","sticky":false,"template":"","format":"standard","meta":{"_crdt_document":"","footnotes":""},"categories":[1],"tags":[],"class_list":["post-38973","post","type-post","status-publish","format-standard","has-post-thumbnail","hentry","category-guncel"],"_links":{"self":[{"href":"https:\/\/www.egemtv.com\/index.php?rest_route=\/wp\/v2\/posts\/38973","targetHints":{"allow":["GET"]}}],"collection":[{"href":"https:\/\/www.egemtv.com\/index.php?rest_route=\/wp\/v2\/posts"}],"about":[{"href":"https:\/\/www.egemtv.com\/index.php?rest_route=\/wp\/v2\/types\/post"}],"author":[{"embeddable":true,"href":"https:\/\/www.egemtv.com\/index.php?rest_route=\/wp\/v2\/users\/1"}],"replies":[{"embeddable":true,"href":"https:\/\/www.egemtv.com\/index.php?rest_route=%2Fwp%2Fv2%2Fcomments&post=38973"}],"version-history":[{"count":1,"href":"https:\/\/www.egemtv.com\/index.php?rest_route=\/wp\/v2\/posts\/38973\/revisions"}],"predecessor-version":[{"id":38975,"href":"https:\/\/www.egemtv.com\/index.php?rest_route=\/wp\/v2\/posts\/38973\/revisions\/38975"}],"wp:featuredmedia":[{"embeddable":true,"href":"https:\/\/www.egemtv.com\/index.php?rest_route=\/wp\/v2\/media\/38974"}],"wp:attachment":[{"href":"https:\/\/www.egemtv.com\/index.php?rest_route=%2Fwp%2Fv2%2Fmedia&parent=38973"}],"wp:term":[{"taxonomy":"category","embeddable":true,"href":"https:\/\/www.egemtv.com\/index.php?rest_route=%2Fwp%2Fv2%2Fcategories&post=38973"},{"taxonomy":"post_tag","embeddable":true,"href":"https:\/\/www.egemtv.com\/index.php?rest_route=%2Fwp%2Fv2%2Ftags&post=38973"}],"curies":[{"name":"wp","href":"https:\/\/api.w.org\/{rel}","templated":true}]}}