{"id":38970,"date":"2025-06-30T19:15:35","date_gmt":"2025-06-30T16:15:35","guid":{"rendered":"https:\/\/www.egemtv.com\/?p=38970"},"modified":"2025-06-30T19:15:40","modified_gmt":"2025-06-30T16:15:40","slug":"seferihisarda-alevlerin-yaklastigi-mahalle-tahliye-ediliyor","status":"publish","type":"post","link":"https:\/\/www.egemtv.com\/?p=38970","title":{"rendered":"Seferihisar\u2019da alevlerin yakla\u015ft\u0131\u011f\u0131 mahalle tahliye ediliyor"},"content":{"rendered":"<p>\u0130zmir\u2019in Seferihisar il\u00e7esindeki orman yang\u0131n\u0131nda alevlerin yakla\u015ft\u0131\u011f\u0131 Atat\u00fcrk Mahallesi tahliye ediliyor. AFAD ve jandarma ekipleri taraf\u0131ndan anons ve d\u00fcd\u00fcklerle uyar\u0131lan mahalle sakinleri, panikle evlerini terk etti.<br \/>\n<br \/>Menderes il\u00e7esi ve Seferihisar il\u00e7esi s\u0131n\u0131rlar\u0131nda d\u00fcn ba\u015flayan yang\u0131n, ikinci g\u00fcn\u00fcnde de etkili olmay\u0131 s\u00fcrd\u00fcr\u00fcyor. \u015eiddetli r\u00fczgar\u0131n etkisi ile yerle\u015fim alanlar\u0131nda da s\u0131\u00e7rayan yang\u0131n, d\u00fcn onlarca yazl\u0131k evi k\u00fcle \u00e7evirmi\u015fti. Bug\u00fcn de ak\u015fam saatlerinde Do\u011fanbey Atat\u00fcrk Mahallesi\u2019nde bulunan evlere alevler yakla\u015ft\u0131. AFAD ve jandarma ekipleri taraf\u0131ndan anonslarla ve d\u00fcd\u00fcklerle uyar\u0131lan mahalle sakinleri panik i\u00e7ersinde evlerini terk etti.<\/p>\n<p>&#8220;\u00c7ok al\u0131\u015fm\u0131\u015ft\u0131k buralara&#8221;<br \/>\n<br \/>Evini tahliye eden vatanda\u015flardan Necati Kara\u00e7al\u0131, &#8220;\u00dcz\u00fcl\u00fcyoruz, \u00e7ok \u00fcz\u00fcl\u00fcyoruz. \u00c7ok al\u0131\u015fm\u0131\u015ft\u0131k buralara. Ekipler tahliye etmemizi istediler bo\u015falt\u0131n dediler \u015fimdi bo\u015falt\u0131yoruz evleri&#8221; diye konu\u015ftu.<br \/>\n<br \/>Ara\u00e7lar\u0131na binen vatanda\u015flar mahalle \u00e7\u0131k\u0131\u015f\u0131nda adeta konvoy olu\u015fturdu. Jandarma ekipleri ve mahalle sakinleri ge\u00e7i\u015fleri g\u00fcvenli bir \u015fekilde sa\u011flad\u0131. \u00d6te yandan jandarma ekipleri evlerde kalan hayvanlar\u0131 da kurtard\u0131.<br \/><\/p>\n","protected":false},"excerpt":{"rendered":"<p>\u0130zmir\u2019in Seferihisar il\u00e7esindeki orman yang\u0131n\u0131nda alevlerin yakla\u015ft\u0131\u011f\u0131 Atat\u00fcrk Mahallesi tahliye ediliyor. AFAD ve jandarma ekipleri taraf\u0131ndan anons ve d\u00fcd\u00fcklerle uyar\u0131lan mahalle sakinleri, panikle evlerini terk etti. Menderes il\u00e7esi ve Seferihisar il\u00e7esi s\u0131n\u0131rlar\u0131nda d\u00fcn ba\u015flayan yang\u0131n, ikinci g\u00fcn\u00fcnde de etkili olmay\u0131 s\u00fcrd\u00fcr\u00fcyor. \u015eiddetli r\u00fczgar\u0131n etkisi ile yerle\u015fim alanlar\u0131nda da s\u0131\u00e7rayan yang\u0131n, d\u00fcn onlarca yazl\u0131k evi k\u00fcle&#8230;<\/p>\n","protected":false},"author":1,"featured_media":38971,"comment_status":"open","ping_status":"open","sticky":false,"template":"","format":"standard","meta":{"_crdt_document":"","footnotes":""},"categories":[5],"tags":[],"class_list":["post-38970","post","type-post","status-publish","format-standard","has-post-thumbnail","hentry","category-asayis"],"_links":{"self":[{"href":"https:\/\/www.egemtv.com\/index.php?rest_route=\/wp\/v2\/posts\/38970","targetHints":{"allow":["GET"]}}],"collection":[{"href":"https:\/\/www.egemtv.com\/index.php?rest_route=\/wp\/v2\/posts"}],"about":[{"href":"https:\/\/www.egemtv.com\/index.php?rest_route=\/wp\/v2\/types\/post"}],"author":[{"embeddable":true,"href":"https:\/\/www.egemtv.com\/index.php?rest_route=\/wp\/v2\/users\/1"}],"replies":[{"embeddable":true,"href":"https:\/\/www.egemtv.com\/index.php?rest_route=%2Fwp%2Fv2%2Fcomments&post=38970"}],"version-history":[{"count":1,"href":"https:\/\/www.egemtv.com\/index.php?rest_route=\/wp\/v2\/posts\/38970\/revisions"}],"predecessor-version":[{"id":38972,"href":"https:\/\/www.egemtv.com\/index.php?rest_route=\/wp\/v2\/posts\/38970\/revisions\/38972"}],"wp:featuredmedia":[{"embeddable":true,"href":"https:\/\/www.egemtv.com\/index.php?rest_route=\/wp\/v2\/media\/38971"}],"wp:attachment":[{"href":"https:\/\/www.egemtv.com\/index.php?rest_route=%2Fwp%2Fv2%2Fmedia&parent=38970"}],"wp:term":[{"taxonomy":"category","embeddable":true,"href":"https:\/\/www.egemtv.com\/index.php?rest_route=%2Fwp%2Fv2%2Fcategories&post=38970"},{"taxonomy":"post_tag","embeddable":true,"href":"https:\/\/www.egemtv.com\/index.php?rest_route=%2Fwp%2Fv2%2Ftags&post=38970"}],"curies":[{"name":"wp","href":"https:\/\/api.w.org\/{rel}","templated":true}]}}