{"id":38967,"date":"2025-06-30T18:56:04","date_gmt":"2025-06-30T15:56:04","guid":{"rendered":"https:\/\/www.egemtv.com\/?p=38967"},"modified":"2025-06-30T18:56:08","modified_gmt":"2025-06-30T15:56:08","slug":"kuladaki-orman-yangini-icin-ekipler-ve-vatandaslar-seferber-oldu","status":"publish","type":"post","link":"https:\/\/www.egemtv.com\/?p=38967","title":{"rendered":"Kula\u2019daki orman yang\u0131n\u0131 i\u00e7in ekipler ve vatanda\u015flar seferber oldu"},"content":{"rendered":"<p>Manisa\u2019n\u0131n Kula il\u00e7esine ba\u011fl\u0131 Encekler Mahallesi\u2019nde \u00e7\u0131kan orman yang\u0131n\u0131, r\u00fczgar\u0131n da etkisiyle k\u0131sa s\u00fcrede b\u00fcy\u00fcyerek geni\u015f bir alana yay\u0131ld\u0131. Yang\u0131na bir helikopterin yan\u0131 s\u0131ra \u00e7ok say\u0131da orman araz\u00f6z\u00fc, Manisa B\u00fcy\u00fck\u015fehir Belediyesi Kula \u0130tfaiye Amirli\u011fi ekipleri ve mahalle sakinleri taraf\u0131ndan m\u00fcdahale ediliyor.<br \/>\n<br \/>\u00d6\u011fle saatlerinde hen\u00fcz belirlenemeyen bir nedenle ba\u015flad\u0131\u011f\u0131 \u00f6\u011frenilen yang\u0131n, r\u00fczgar\u0131n da etkisiyle kontrol alt\u0131na al\u0131nmakta g\u00fc\u00e7l\u00fck \u00e7ekiliyor. Alevlerin yerle\u015fim yerlerine ula\u015fmamas\u0131 i\u00e7in ekipler yo\u011fun \u00e7aba sarf ediyor.<br \/>\n<br \/>Yang\u0131n s\u00f6nd\u00fcrme \u00e7al\u0131\u015fmalar\u0131na Orman Genel M\u00fcd\u00fcrl\u00fc\u011f\u00fc\u2019ne ba\u011fl\u0131 hava ve kara unsurlar\u0131, Manisa B\u00fcy\u00fck\u015fehir Belediyesi itfaiye ekipleri ile birlikte \u00e7evredeki vatanda\u015flar da destek veriyor. B\u00f6lgeye sevk edilen 1 helikopterin havadan m\u00fcdahalesi devam ederken, karadan da araz\u00f6zler ve i\u015f makineleriyle alevlerin \u00f6n\u00fc kesilmeye \u00e7al\u0131\u015f\u0131l\u0131yor.<br \/>\n<br \/>Yetkililer, yang\u0131n\u0131n yerle\u015fim yerlerine ula\u015fmamas\u0131 i\u00e7in ekiplerin canla ba\u015fla m\u00fccadele etti\u011fini belirtirken, vatanda\u015flar\u0131n yang\u0131n b\u00f6lgesine yakla\u015fmamalar\u0131 konusunda uyar\u0131da bulundu. Yang\u0131n\u0131n \u00e7\u0131k\u0131\u015f nedeni ile ilgili soru\u015fturma ba\u015flat\u0131ld\u0131.<br \/><\/p>\n","protected":false},"excerpt":{"rendered":"<p>Manisa\u2019n\u0131n Kula il\u00e7esine ba\u011fl\u0131 Encekler Mahallesi\u2019nde \u00e7\u0131kan orman yang\u0131n\u0131, r\u00fczgar\u0131n da etkisiyle k\u0131sa s\u00fcrede b\u00fcy\u00fcyerek geni\u015f bir alana yay\u0131ld\u0131. Yang\u0131na bir helikopterin yan\u0131 s\u0131ra \u00e7ok say\u0131da orman araz\u00f6z\u00fc, Manisa B\u00fcy\u00fck\u015fehir Belediyesi Kula \u0130tfaiye Amirli\u011fi ekipleri ve mahalle sakinleri taraf\u0131ndan m\u00fcdahale ediliyor. \u00d6\u011fle saatlerinde hen\u00fcz belirlenemeyen bir nedenle ba\u015flad\u0131\u011f\u0131 \u00f6\u011frenilen yang\u0131n, r\u00fczgar\u0131n da etkisiyle kontrol alt\u0131na&#8230;<\/p>\n","protected":false},"author":1,"featured_media":38968,"comment_status":"open","ping_status":"open","sticky":false,"template":"","format":"standard","meta":{"_crdt_document":"","footnotes":""},"categories":[5],"tags":[],"class_list":["post-38967","post","type-post","status-publish","format-standard","has-post-thumbnail","hentry","category-asayis"],"_links":{"self":[{"href":"https:\/\/www.egemtv.com\/index.php?rest_route=\/wp\/v2\/posts\/38967","targetHints":{"allow":["GET"]}}],"collection":[{"href":"https:\/\/www.egemtv.com\/index.php?rest_route=\/wp\/v2\/posts"}],"about":[{"href":"https:\/\/www.egemtv.com\/index.php?rest_route=\/wp\/v2\/types\/post"}],"author":[{"embeddable":true,"href":"https:\/\/www.egemtv.com\/index.php?rest_route=\/wp\/v2\/users\/1"}],"replies":[{"embeddable":true,"href":"https:\/\/www.egemtv.com\/index.php?rest_route=%2Fwp%2Fv2%2Fcomments&post=38967"}],"version-history":[{"count":1,"href":"https:\/\/www.egemtv.com\/index.php?rest_route=\/wp\/v2\/posts\/38967\/revisions"}],"predecessor-version":[{"id":38969,"href":"https:\/\/www.egemtv.com\/index.php?rest_route=\/wp\/v2\/posts\/38967\/revisions\/38969"}],"wp:featuredmedia":[{"embeddable":true,"href":"https:\/\/www.egemtv.com\/index.php?rest_route=\/wp\/v2\/media\/38968"}],"wp:attachment":[{"href":"https:\/\/www.egemtv.com\/index.php?rest_route=%2Fwp%2Fv2%2Fmedia&parent=38967"}],"wp:term":[{"taxonomy":"category","embeddable":true,"href":"https:\/\/www.egemtv.com\/index.php?rest_route=%2Fwp%2Fv2%2Fcategories&post=38967"},{"taxonomy":"post_tag","embeddable":true,"href":"https:\/\/www.egemtv.com\/index.php?rest_route=%2Fwp%2Fv2%2Ftags&post=38967"}],"curies":[{"name":"wp","href":"https:\/\/api.w.org\/{rel}","templated":true}]}}