{"id":38964,"date":"2025-06-30T18:37:17","date_gmt":"2025-06-30T15:37:17","guid":{"rendered":"https:\/\/www.egemtv.com\/?p=38964"},"modified":"2025-06-30T18:37:18","modified_gmt":"2025-06-30T15:37:18","slug":"bagdan-donen-kadinlar-kaza-yapti-1-olu-1-yarali","status":"publish","type":"post","link":"https:\/\/www.egemtv.com\/?p=38964","title":{"rendered":"Ba\u011fdan d\u00f6nen kad\u0131nlar kaza yapt\u0131: 1 \u00f6l\u00fc, 1 yaral\u0131"},"content":{"rendered":"<p>Manisa\u2019n\u0131n Ala\u015fehir il\u00e7esinde \u00fcz\u00fcm ba\u011f\u0131ndan d\u00f6nen kad\u0131nlar\u0131 ta\u015f\u0131yan \u00fc\u00e7 tekerlekli elektrikli motosikletin devrilmesi sonucu meydana gelen kazada 1 ki\u015fi hayat\u0131n\u0131 kaybetti, 1 ki\u015fi yaraland\u0131.<br \/>\n<br \/>Kaza, Ala\u015fehir\u2019e ba\u011fl\u0131 Kemaliye Mahallesi\u2019nde bug\u00fcn \u00f6\u011fle saatlerinde meydana geldi. Edinilen bilgiye g\u00f6re, Fadime A. (55) idaresindeki \u00fc\u00e7 tekerlekli elektrikli motosiklet, s\u00fcr\u00fcc\u00fcs\u00fcn\u00fcn direksiyon hakimiyetini kaybetmesi sonucu devrildi. Kaza s\u0131ras\u0131nda asma yapra\u011f\u0131 toplamaktan d\u00f6nd\u00fc\u011f\u00fc \u00f6\u011frenilen s\u00fcr\u00fcc\u00fc Fadime A. ile yolcu konumunda bulunan Naciye Akta\u015f (57) a\u011f\u0131r \u015fekilde yaraland\u0131.<br \/>\n<br \/>\u00c7evredekilerin ihbar\u0131 \u00fczerine olay yerine sa\u011fl\u0131k ve jandarma ekipleri sevk edildi. Yaral\u0131lar, olay yerindeki ilk m\u00fcdahalenin ard\u0131ndan Ala\u015fehir \u00d6zel Sar\u0131k\u0131z Hastanesi\u2019ne kald\u0131r\u0131ld\u0131. Ancak durumu a\u011f\u0131r olan Naciye Akta\u015f, hastanede yap\u0131lan t\u00fcm m\u00fcdahalelere ra\u011fmen ya\u015fam\u0131n\u0131 yitirdi.<br \/>\n<br \/>S\u00fcr\u00fcc\u00fc Fadime A.\u2019nin tedavisinin devam etti\u011fi \u00f6\u011frenilirken, jandarma ekipleri kazayla ilgili inceleme ba\u015flatt\u0131.<br \/><\/p>\n","protected":false},"excerpt":{"rendered":"<p>Manisa\u2019n\u0131n Ala\u015fehir il\u00e7esinde \u00fcz\u00fcm ba\u011f\u0131ndan d\u00f6nen kad\u0131nlar\u0131 ta\u015f\u0131yan \u00fc\u00e7 tekerlekli elektrikli motosikletin devrilmesi sonucu meydana gelen kazada 1 ki\u015fi hayat\u0131n\u0131 kaybetti, 1 ki\u015fi yaraland\u0131. Kaza, Ala\u015fehir\u2019e ba\u011fl\u0131 Kemaliye Mahallesi\u2019nde bug\u00fcn \u00f6\u011fle saatlerinde meydana geldi. Edinilen bilgiye g\u00f6re, Fadime A. (55) idaresindeki \u00fc\u00e7 tekerlekli elektrikli motosiklet, s\u00fcr\u00fcc\u00fcs\u00fcn\u00fcn direksiyon hakimiyetini kaybetmesi sonucu devrildi. Kaza s\u0131ras\u0131nda asma yapra\u011f\u0131&#8230;<\/p>\n","protected":false},"author":1,"featured_media":38965,"comment_status":"open","ping_status":"open","sticky":false,"template":"","format":"standard","meta":{"_crdt_document":"","footnotes":""},"categories":[5],"tags":[],"class_list":["post-38964","post","type-post","status-publish","format-standard","has-post-thumbnail","hentry","category-asayis"],"_links":{"self":[{"href":"https:\/\/www.egemtv.com\/index.php?rest_route=\/wp\/v2\/posts\/38964","targetHints":{"allow":["GET"]}}],"collection":[{"href":"https:\/\/www.egemtv.com\/index.php?rest_route=\/wp\/v2\/posts"}],"about":[{"href":"https:\/\/www.egemtv.com\/index.php?rest_route=\/wp\/v2\/types\/post"}],"author":[{"embeddable":true,"href":"https:\/\/www.egemtv.com\/index.php?rest_route=\/wp\/v2\/users\/1"}],"replies":[{"embeddable":true,"href":"https:\/\/www.egemtv.com\/index.php?rest_route=%2Fwp%2Fv2%2Fcomments&post=38964"}],"version-history":[{"count":1,"href":"https:\/\/www.egemtv.com\/index.php?rest_route=\/wp\/v2\/posts\/38964\/revisions"}],"predecessor-version":[{"id":38966,"href":"https:\/\/www.egemtv.com\/index.php?rest_route=\/wp\/v2\/posts\/38964\/revisions\/38966"}],"wp:featuredmedia":[{"embeddable":true,"href":"https:\/\/www.egemtv.com\/index.php?rest_route=\/wp\/v2\/media\/38965"}],"wp:attachment":[{"href":"https:\/\/www.egemtv.com\/index.php?rest_route=%2Fwp%2Fv2%2Fmedia&parent=38964"}],"wp:term":[{"taxonomy":"category","embeddable":true,"href":"https:\/\/www.egemtv.com\/index.php?rest_route=%2Fwp%2Fv2%2Fcategories&post=38964"},{"taxonomy":"post_tag","embeddable":true,"href":"https:\/\/www.egemtv.com\/index.php?rest_route=%2Fwp%2Fv2%2Ftags&post=38964"}],"curies":[{"name":"wp","href":"https:\/\/api.w.org\/{rel}","templated":true}]}}