{"id":38961,"date":"2025-06-30T17:56:43","date_gmt":"2025-06-30T14:56:43","guid":{"rendered":"https:\/\/www.egemtv.com\/?p=38961"},"modified":"2025-06-30T17:56:47","modified_gmt":"2025-06-30T14:56:47","slug":"kusadasi-plajlarina-son-model-kum-temizleme-araci","status":"publish","type":"post","link":"https:\/\/www.egemtv.com\/?p=38961","title":{"rendered":"Ku\u015fadas\u0131 plajlar\u0131na son model kum temizleme arac\u0131"},"content":{"rendered":"<p>Ku\u015fadas\u0131 Belediyesi, kent genelindeki plajlarda tatilcilerin daha hijyenik bir ortamda keyifle vakit ge\u00e7irmesi i\u00e7in filosundaki kum temizleme ara\u00e7lar\u0131na bir yenisini daha ekledi. Plaj y\u00fczeyinin 30 santimetre alt\u0131na kadar girip, yabanc\u0131 cisimleri toplayan ara\u00e7 ayr\u0131ca kumu t\u0131rm\u0131klayarak havalanmas\u0131n\u0131 da sa\u011fl\u0131yor.<\/p>\n<p>Ku\u015fadas\u0131 sahip oldu\u011fu do\u011fal ve tarihi g\u00fczellikleriyle her y\u0131l milyonlarca yerli ve yabanc\u0131 turisti a\u011f\u0131rl\u0131yor. Ku\u015fadas\u0131 Belediyesi de kente gelen tatilcilerin halk plajlar\u0131nda 5 y\u0131ld\u0131zl\u0131 otel konforunda denize girmeleri i\u00e7in d\u00fczenli olarak bak\u0131m ve temizlik \u00e7al\u0131\u015fmas\u0131 yap\u0131yor. Bu kapsamda kurulan \u00f6zel bir ekip ayr\u0131ca \u00fccretsiz \u015fezlong ve \u015femsiye uygulamas\u0131n\u0131n bu y\u0131l da s\u00fcrece\u011fi halk plajlar\u0131nda bulunan soyunma kabinleri ile du\u015f ve tuvaletlerde dezenfekte i\u015flemi ger\u00e7ekle\u015ftiriyor. Ku\u015fadas\u0131 Belediyesi son olarak filosuna son model bir kum temizleme arac\u0131 daha ekledi. D\u00f6rt \u00e7eker olan kum temizleme arac\u0131, plaj y\u00fczeyinin 30 santimetre alt\u0131na kadar girip, yabanc\u0131 cisimleri topluyor. Kumu t\u0131rm\u0131klay\u0131p, havalanmas\u0131n\u0131 da sa\u011flayan ara\u00e7, bir ge\u00e7i\u015fte 160 santimetre geni\u015fli\u011findeki alan\u0131 temizleyebiliyor.<\/p>\n<p>Ku\u015fadas\u0131 Belediyesi Sahil \u0130\u015fletmeleri \u015eefi Vedat Kazanc\u0131o\u011flu, kent genelindeki plajlar\u0131n Ku\u015fadas\u0131\u2019na yak\u0131\u015f\u0131r bir temizlik ve g\u00fczellikte olmas\u0131 i\u00e7in aral\u0131ks\u0131z \u00e7al\u0131\u015ft\u0131klar\u0131n\u0131 belirterek, &#8220;Ancak burada kentimize gelen tatilciler ile halk\u0131m\u0131za da g\u00f6rev ve sorumluluklar d\u00fc\u015f\u00fcyor. Yapt\u0131\u011f\u0131m\u0131z temizlik \u00e7al\u0131\u015fmalar\u0131nda kumsaldan bir s\u00fcr\u00fc yabanc\u0131 cisim topluyoruz. L\u00fctfen \u00e7\u00f6plerimizi plaja de\u011fil, \u00e7\u00f6p tenekelerine atal\u0131m. \u00c7evremizi ve plajlar\u0131m\u0131z\u0131 temiz tutmak konusunda daha hassas davranal\u0131m&#8221; diye konu\u015ftu.<br \/><\/p>\n","protected":false},"excerpt":{"rendered":"<p>Ku\u015fadas\u0131 Belediyesi, kent genelindeki plajlarda tatilcilerin daha hijyenik bir ortamda keyifle vakit ge\u00e7irmesi i\u00e7in filosundaki kum temizleme ara\u00e7lar\u0131na bir yenisini daha ekledi. Plaj y\u00fczeyinin 30 santimetre alt\u0131na kadar girip, yabanc\u0131 cisimleri toplayan ara\u00e7 ayr\u0131ca kumu t\u0131rm\u0131klayarak havalanmas\u0131n\u0131 da sa\u011fl\u0131yor. Ku\u015fadas\u0131 sahip oldu\u011fu do\u011fal ve tarihi g\u00fczellikleriyle her y\u0131l milyonlarca yerli ve yabanc\u0131 turisti a\u011f\u0131rl\u0131yor. Ku\u015fadas\u0131&#8230;<\/p>\n","protected":false},"author":1,"featured_media":38962,"comment_status":"open","ping_status":"open","sticky":false,"template":"","format":"standard","meta":{"_crdt_document":"","footnotes":""},"categories":[1],"tags":[],"class_list":["post-38961","post","type-post","status-publish","format-standard","has-post-thumbnail","hentry","category-guncel"],"_links":{"self":[{"href":"https:\/\/www.egemtv.com\/index.php?rest_route=\/wp\/v2\/posts\/38961","targetHints":{"allow":["GET"]}}],"collection":[{"href":"https:\/\/www.egemtv.com\/index.php?rest_route=\/wp\/v2\/posts"}],"about":[{"href":"https:\/\/www.egemtv.com\/index.php?rest_route=\/wp\/v2\/types\/post"}],"author":[{"embeddable":true,"href":"https:\/\/www.egemtv.com\/index.php?rest_route=\/wp\/v2\/users\/1"}],"replies":[{"embeddable":true,"href":"https:\/\/www.egemtv.com\/index.php?rest_route=%2Fwp%2Fv2%2Fcomments&post=38961"}],"version-history":[{"count":1,"href":"https:\/\/www.egemtv.com\/index.php?rest_route=\/wp\/v2\/posts\/38961\/revisions"}],"predecessor-version":[{"id":38963,"href":"https:\/\/www.egemtv.com\/index.php?rest_route=\/wp\/v2\/posts\/38961\/revisions\/38963"}],"wp:featuredmedia":[{"embeddable":true,"href":"https:\/\/www.egemtv.com\/index.php?rest_route=\/wp\/v2\/media\/38962"}],"wp:attachment":[{"href":"https:\/\/www.egemtv.com\/index.php?rest_route=%2Fwp%2Fv2%2Fmedia&parent=38961"}],"wp:term":[{"taxonomy":"category","embeddable":true,"href":"https:\/\/www.egemtv.com\/index.php?rest_route=%2Fwp%2Fv2%2Fcategories&post=38961"},{"taxonomy":"post_tag","embeddable":true,"href":"https:\/\/www.egemtv.com\/index.php?rest_route=%2Fwp%2Fv2%2Ftags&post=38961"}],"curies":[{"name":"wp","href":"https:\/\/api.w.org\/{rel}","templated":true}]}}