{"id":38958,"date":"2025-06-30T17:56:39","date_gmt":"2025-06-30T14:56:39","guid":{"rendered":"https:\/\/www.egemtv.com\/?p=38958"},"modified":"2025-06-30T17:56:43","modified_gmt":"2025-06-30T14:56:43","slug":"izmirde-yanginla-mucadele-suruyor","status":"publish","type":"post","link":"https:\/\/www.egemtv.com\/?p=38958","title":{"rendered":"\u0130zmir\u2019de yang\u0131nla m\u00fccadele s\u00fcr\u00fcyor"},"content":{"rendered":"<p>\u0130zmir\u2019in Menderes ve Seferihisar il\u00e7eleri aras\u0131nda \u00e7\u0131kan orman yang\u0131n\u0131na m\u00fcdahale, havadan ve karadan devam ediyor. Alevlerin yakla\u015ft\u0131\u011f\u0131 evlerdeki vatanda\u015flar, ekiplerle beraber s\u00f6nd\u00fcrme \u00e7al\u0131\u015fmalar\u0131n\u0131 s\u00fcrd\u00fcr\u00fcrken b\u00fcy\u00fck panik ya\u015fad\u0131lar.<br \/>\n<br \/>Menderes ve Seferihisar il\u00e7esi s\u0131n\u0131rlar\u0131 aras\u0131na d\u00fcn ba\u015flayan ve geni\u015f bir alana yay\u0131lan orman yang\u0131n\u0131, b\u00f6lgede bulunan yerle\u015fim alanlar\u0131na s\u0131\u00e7ram\u0131\u015ft\u0131. Yang\u0131na havadan ve karadan m\u00fcdahale edilirken, \u015fiddetli r\u00fczgar\u0131n etkisiyle alevler yerle\u015fim yerlerine s\u0131\u00e7ram\u0131\u015ft\u0131. Bir\u00e7ok mahalle tahliye edilirken yang\u0131n dolay\u0131s\u0131yla \u00e7ok say\u0131da ev ve ah\u0131r kullan\u0131lamaz hale geldi. Gece boyunca, orman, itfaiye ve STK\u2018lar\u0131n g\u00f6n\u00fcll\u00fc ekipleri ile s\u00f6nd\u00fcrme \u00e7al\u0131\u015fmalar\u0131 y\u00fcr\u00fct\u00fclen b\u00f6lgede, g\u00fcn\u00fcn ayd\u0131nlanmas\u0131 ile beraber hava m\u00fcdahalesi yeniden ba\u015flad\u0131. G\u00fcn do\u011fumu ile birlikte 4 u\u00e7ak ve 14 helikopter Menderes ve Seferihisar yang\u0131n\u0131nda \u00e7al\u0131\u015fmaya ba\u015flad\u0131.<\/p>\n<p>Yang\u0131n s\u00fcr\u00fcyor<br \/>\n<br \/>Sabah saatlerinde sakin olan r\u00fczgar\u0131n \u00f6\u011fleden sonra \u015fiddetlenmesiyle birlikte 3 noktada alevler yeniden \u015fiddetlendi. \u00d6zellikle Do\u011fanbey b\u00f6lgesinde bulunan \u00e7aml\u0131k alanlar k\u00fcle d\u00f6nerken, Orhanl\u0131 Mahallesi\u2019nde evlere yakla\u015fan alevler panik olu\u015fturdu. Vatanda\u015flar, arsalar\u0131nda bulunan otluk alanlar\u0131 trakt\u00f6rle sularken, orman ve itfaiye ekiplerine destek oldu. Baz\u0131 vatanda\u015flar ise dumanlar\u0131 izleyerek endi\u015fe dolu anlar ya\u015fad\u0131.<\/p>\n<p>G\u00f6n\u00fcll\u00fcler cansiparane \u00e7al\u0131\u015ft\u0131<br \/>\n<br \/>\u00d6te yandan \u0130zmir Seferihisar\u2019da devam eden yang\u0131n\u0131 s\u00f6nd\u00fcrmek i\u00e7in yurdun d\u00f6rt bir yan\u0131ndan da g\u00f6n\u00fcll\u00fcler ve STK ekipleri geldi. G\u00f6n\u00fcll\u00fc ekiplerin yang\u0131n s\u00f6nd\u00fcrme \u00e7al\u0131\u015fmalar\u0131 ve yorgunluktan uyuyakald\u0131\u011f\u0131 anlar da dikkat \u00e7eken kareler oldu.<br \/>\n<br \/>Yang\u0131n\u0131 kontrol alt\u0131na almak i\u00e7in havadan ve karadan m\u00fcdahale s\u00fcr\u00fcyor.<br \/><\/p>\n","protected":false},"excerpt":{"rendered":"<p>\u0130zmir\u2019in Menderes ve Seferihisar il\u00e7eleri aras\u0131nda \u00e7\u0131kan orman yang\u0131n\u0131na m\u00fcdahale, havadan ve karadan devam ediyor. Alevlerin yakla\u015ft\u0131\u011f\u0131 evlerdeki vatanda\u015flar, ekiplerle beraber s\u00f6nd\u00fcrme \u00e7al\u0131\u015fmalar\u0131n\u0131 s\u00fcrd\u00fcr\u00fcrken b\u00fcy\u00fck panik ya\u015fad\u0131lar. Menderes ve Seferihisar il\u00e7esi s\u0131n\u0131rlar\u0131 aras\u0131na d\u00fcn ba\u015flayan ve geni\u015f bir alana yay\u0131lan orman yang\u0131n\u0131, b\u00f6lgede bulunan yerle\u015fim alanlar\u0131na s\u0131\u00e7ram\u0131\u015ft\u0131. Yang\u0131na havadan ve karadan m\u00fcdahale edilirken, \u015fiddetli r\u00fczgar\u0131n&#8230;<\/p>\n","protected":false},"author":1,"featured_media":38959,"comment_status":"open","ping_status":"open","sticky":false,"template":"","format":"standard","meta":{"_crdt_document":"","footnotes":""},"categories":[5],"tags":[],"class_list":["post-38958","post","type-post","status-publish","format-standard","has-post-thumbnail","hentry","category-asayis"],"_links":{"self":[{"href":"https:\/\/www.egemtv.com\/index.php?rest_route=\/wp\/v2\/posts\/38958","targetHints":{"allow":["GET"]}}],"collection":[{"href":"https:\/\/www.egemtv.com\/index.php?rest_route=\/wp\/v2\/posts"}],"about":[{"href":"https:\/\/www.egemtv.com\/index.php?rest_route=\/wp\/v2\/types\/post"}],"author":[{"embeddable":true,"href":"https:\/\/www.egemtv.com\/index.php?rest_route=\/wp\/v2\/users\/1"}],"replies":[{"embeddable":true,"href":"https:\/\/www.egemtv.com\/index.php?rest_route=%2Fwp%2Fv2%2Fcomments&post=38958"}],"version-history":[{"count":1,"href":"https:\/\/www.egemtv.com\/index.php?rest_route=\/wp\/v2\/posts\/38958\/revisions"}],"predecessor-version":[{"id":38960,"href":"https:\/\/www.egemtv.com\/index.php?rest_route=\/wp\/v2\/posts\/38958\/revisions\/38960"}],"wp:featuredmedia":[{"embeddable":true,"href":"https:\/\/www.egemtv.com\/index.php?rest_route=\/wp\/v2\/media\/38959"}],"wp:attachment":[{"href":"https:\/\/www.egemtv.com\/index.php?rest_route=%2Fwp%2Fv2%2Fmedia&parent=38958"}],"wp:term":[{"taxonomy":"category","embeddable":true,"href":"https:\/\/www.egemtv.com\/index.php?rest_route=%2Fwp%2Fv2%2Fcategories&post=38958"},{"taxonomy":"post_tag","embeddable":true,"href":"https:\/\/www.egemtv.com\/index.php?rest_route=%2Fwp%2Fv2%2Ftags&post=38958"}],"curies":[{"name":"wp","href":"https:\/\/api.w.org\/{rel}","templated":true}]}}