{"id":38955,"date":"2025-06-30T17:40:56","date_gmt":"2025-06-30T14:40:56","guid":{"rendered":"https:\/\/www.egemtv.com\/?p=38955"},"modified":"2025-06-30T17:41:01","modified_gmt":"2025-06-30T14:41:01","slug":"aliaga-ve-focada-orman-yangininda-ekiplerin-zorlu-mucadelesi","status":"publish","type":"post","link":"https:\/\/www.egemtv.com\/?p=38955","title":{"rendered":"Alia\u011fa ve Fo\u00e7a\u2019da orman yang\u0131n\u0131nda ekiplerin zorlu m\u00fccadelesi"},"content":{"rendered":"<p>\u0130zmir\u2019in Alia\u011fa il\u00e7esinde 5 g\u00fcn \u00f6nce ba\u015flayan orman yang\u0131n\u0131, Fo\u00e7a il\u00e7esine do\u011fru yay\u0131ld\u0131 ve b\u00fcy\u00fck bir tehlike olu\u015fturdu. Yang\u0131n\u0131n en kritik anlar\u0131nda, \u0130zmir Orman B\u00f6lge M\u00fcd\u00fcrl\u00fc\u011f\u00fc\u2019ne ba\u011fl\u0131 ekipler, h\u0131zla yay\u0131lan alevlere kar\u015f\u0131 \u00f6zverili bir \u015fekilde m\u00fccadele etti. Ancak yang\u0131n\u0131n \u015fiddeti, ekiplerin zor anlar ya\u015famas\u0131na neden oldu.<br \/>\n<br \/>Alia\u011fa il\u00e7esinin Horozgedi\u011fi Mahallesi mevkiinde, 25 Haziran tarihinde ba\u015flayan ve \u015fiddetli r\u00fczgar\u0131n etkisiyle h\u0131zla yay\u0131lan orman yang\u0131n\u0131, k\u0131sa s\u00fcrede b\u00fcy\u00fck bir alan\u0131 etkisi alt\u0131na ald\u0131. Yang\u0131n\u0131n b\u00fcy\u00fcmesiyle birlikte \u0130zmir Orman B\u00f6lge M\u00fcd\u00fcrl\u00fc\u011f\u00fc\u2019ne ba\u011fl\u0131 itfaiye ekipleri h\u0131zla olay yerine sevk edildi. \u0130lk m\u00fcdahalede karadan araz\u00f6zler, su ikmal ara\u00e7lar\u0131, i\u015f makineleri ve personel g\u00f6rev ald\u0131. Havadan ise u\u00e7ak ve helikopterler devreye girdi. Fo\u00e7a il\u00e7esine do\u011fru ilerleyen yang\u0131n, ak\u015fam saatlerine do\u011fru k\u0131rsal Il\u0131p\u0131nar Mahallesi\u2019ne kadar ula\u015ft\u0131. Yerle\u015fim alanlar\u0131nda tedbir amac\u0131yla baz\u0131 evler bo\u015falt\u0131ld\u0131, ah\u0131rlardaki hayvanlar g\u00fcvenli b\u00f6lgelere ta\u015f\u0131nd\u0131.<\/p>\n<p>Kayadeli mevkiindeki kritik durum<br \/>\n<br \/>Yang\u0131n\u0131n \u015fiddeti ve h\u0131zla de\u011fi\u015fen hava \u015fartlar\u0131, sahadaki ekipler i\u00e7in b\u00fcy\u00fck bir tehlike olu\u015fturdu. En kritik anlardan biri, Kayadeli mevkiinde ya\u015fand\u0131. R\u00fczgar\u0131n aniden y\u00f6n de\u011fi\u015ftirmesi ve \u015fiddetlenmesiyle birlikte, \u0130zmir, Salihli ve G\u00f6rdes Orman \u0130\u015fletme M\u00fcd\u00fcrl\u00fcklerine ait aras\u00f6zler, su tankerleri ve di\u011fer hizmet ara\u00e7lar\u0131 alevlerin ortas\u0131nda kald\u0131. Sahada bulunan Alia\u011fa Orman \u0130\u015fletme \u015eefi Mustafa Ayd\u0131nl\u0131, ekipmanlar\u0131 ve personeli g\u00fcvenli bir noktada toplad\u0131. Bu noktada motorlu testere ile baz\u0131 yang\u0131ndan etkilenmi\u015f a\u011fa\u00e7lar kesilerek ara\u00e7lar\u0131n g\u00fcvenli alana intikali sa\u011fland\u0131. Ancak, G\u00f6rdes orman i\u015fletmesine ait S-29 say\u0131l\u0131 su tankeri yang\u0131n\u0131n etkisiyle yand\u0131.<\/p>\n<p>Can ve mal kurtarma \u00e7abas\u0131<br \/>\n<br \/>Yang\u0131n\u0131n en yo\u011fun an\u0131nda, Alia\u011fa Orman \u0130\u015fletmesi personeli Enes Ak\u00e7a, bir hizmet arac\u0131yla S29 su tankerin personeli g\u00fcvenli b\u00f6lgeye ta\u015f\u0131d\u0131. \u015eof\u00f6r Talip sevk ve idaresindeki A-24 Aras\u00f6z ise, Alia\u011fa Orman \u0130\u015fletme \u015eefi\u2019nin bulundu\u011fu alana intikal ettirildi. Bu ad\u0131mlar, personelin g\u00fcvenli\u011fini sa\u011flarken, devletin mal\u0131 olan ekipmanlar\u0131n da kurtar\u0131lmas\u0131na imkan tan\u0131d\u0131. Tehlikeli anlar\u0131n ard\u0131ndan, yang\u0131n\u0131n \u015fiddetinin azalmas\u0131yla birlikte  4 ara\u00e7 b\u00f6lgeyi  g\u00fcvenli bir \u015fekilde terk etti. Yang\u0131n\u0131n kontrol alt\u0131na al\u0131nabilmesi i\u00e7in, \u0130zmir Orman B\u00f6lge M\u00fcd\u00fcrl\u00fc\u011f\u00fc ekipleri, 21.5 saat s\u00fcren yo\u011fun bir m\u00fccadele verdi. Bu s\u00fcre\u00e7te, gece boyunca devam eden s\u00f6nd\u00fcrme \u00e7al\u0131\u015fmalar\u0131 sonucunda yang\u0131n kontrol alt\u0131na al\u0131nd\u0131. So\u011futma \u00e7al\u0131\u015fmalar\u0131 ise g\u00fcn boyu s\u00fcrd\u00fc. Yang\u0131n\u0131n toplamda 489 hektar orman alan\u0131na zarar verdi\u011fi belirtildi. Ayr\u0131ca, Alia\u011fa\u2019daki Bozk\u00f6y Mahallesi\u2019nde \u00e7\u0131kan yang\u0131n\u0131n 405 hektarl\u0131k alanda hasara yol a\u00e7t\u0131\u011f\u0131 \u00f6\u011frenildi.<\/p>\n<p>Ekiplerin \u00f6zverili m\u00fccadelesi<br \/>\n<br \/>Orman te\u015fkilat\u0131n\u0131n zorlu \u015fartlar alt\u0131nda y\u00fcr\u00fctt\u00fc\u011f\u00fc m\u00fccadele, sadece do\u011fal alanlar\u0131n korunmas\u0131nda de\u011fil, ayn\u0131 zamanda insan ya\u015fam\u0131n\u0131n korunmas\u0131nda da \u00f6nemli bir rol oynad\u0131. \u00d6zellikle yang\u0131n\u0131n en kritik anlar\u0131nda, orman i\u015f\u00e7ileri ve itfaiye ekiplerinin hayatlar\u0131n\u0131 hi\u00e7e sayarak g\u00f6sterdikleri \u00f6zverili \u00e7al\u0131\u015fma, b\u00fcy\u00fck takdir toplad\u0131. Yang\u0131n, \u0130zmir\u2019deki orman te\u015fkilat\u0131n\u0131n zorlu \u015fartlar alt\u0131nda y\u00fcr\u00fctt\u00fc\u011f\u00fc m\u00fccadelenin ve ekiplerin profesyonelli\u011finin bir g\u00f6stergesi olarak kayda ge\u00e7ti. Yang\u0131na m\u00fcdahale s\u00fcrecinde al\u0131nan g\u00fcvenlik \u00f6nlemleri, ekiplerin ve personelin g\u00fcvenli\u011fini sa\u011flamada b\u00fcy\u00fck rol oynad\u0131. Tehlike anlar\u0131nda, ekiplerin koordineli bir \u015fekilde hareket etmesi ve g\u00fcvenli alanlara intikal etmeleri, can ve mal kayb\u0131n\u0131n \u00f6nlenmesinde etkili oldu.<br \/><\/p>\n","protected":false},"excerpt":{"rendered":"<p>\u0130zmir\u2019in Alia\u011fa il\u00e7esinde 5 g\u00fcn \u00f6nce ba\u015flayan orman yang\u0131n\u0131, Fo\u00e7a il\u00e7esine do\u011fru yay\u0131ld\u0131 ve b\u00fcy\u00fck bir tehlike olu\u015fturdu. Yang\u0131n\u0131n en kritik anlar\u0131nda, \u0130zmir Orman B\u00f6lge M\u00fcd\u00fcrl\u00fc\u011f\u00fc\u2019ne ba\u011fl\u0131 ekipler, h\u0131zla yay\u0131lan alevlere kar\u015f\u0131 \u00f6zverili bir \u015fekilde m\u00fccadele etti. Ancak yang\u0131n\u0131n \u015fiddeti, ekiplerin zor anlar ya\u015famas\u0131na neden oldu. Alia\u011fa il\u00e7esinin Horozgedi\u011fi Mahallesi mevkiinde, 25 Haziran tarihinde ba\u015flayan&#8230;<\/p>\n","protected":false},"author":1,"featured_media":38956,"comment_status":"open","ping_status":"open","sticky":false,"template":"","format":"standard","meta":{"_crdt_document":"","footnotes":""},"categories":[5],"tags":[],"class_list":["post-38955","post","type-post","status-publish","format-standard","has-post-thumbnail","hentry","category-asayis"],"_links":{"self":[{"href":"https:\/\/www.egemtv.com\/index.php?rest_route=\/wp\/v2\/posts\/38955","targetHints":{"allow":["GET"]}}],"collection":[{"href":"https:\/\/www.egemtv.com\/index.php?rest_route=\/wp\/v2\/posts"}],"about":[{"href":"https:\/\/www.egemtv.com\/index.php?rest_route=\/wp\/v2\/types\/post"}],"author":[{"embeddable":true,"href":"https:\/\/www.egemtv.com\/index.php?rest_route=\/wp\/v2\/users\/1"}],"replies":[{"embeddable":true,"href":"https:\/\/www.egemtv.com\/index.php?rest_route=%2Fwp%2Fv2%2Fcomments&post=38955"}],"version-history":[{"count":1,"href":"https:\/\/www.egemtv.com\/index.php?rest_route=\/wp\/v2\/posts\/38955\/revisions"}],"predecessor-version":[{"id":38957,"href":"https:\/\/www.egemtv.com\/index.php?rest_route=\/wp\/v2\/posts\/38955\/revisions\/38957"}],"wp:featuredmedia":[{"embeddable":true,"href":"https:\/\/www.egemtv.com\/index.php?rest_route=\/wp\/v2\/media\/38956"}],"wp:attachment":[{"href":"https:\/\/www.egemtv.com\/index.php?rest_route=%2Fwp%2Fv2%2Fmedia&parent=38955"}],"wp:term":[{"taxonomy":"category","embeddable":true,"href":"https:\/\/www.egemtv.com\/index.php?rest_route=%2Fwp%2Fv2%2Fcategories&post=38955"},{"taxonomy":"post_tag","embeddable":true,"href":"https:\/\/www.egemtv.com\/index.php?rest_route=%2Fwp%2Fv2%2Ftags&post=38955"}],"curies":[{"name":"wp","href":"https:\/\/api.w.org\/{rel}","templated":true}]}}