{"id":38952,"date":"2025-06-30T17:40:51","date_gmt":"2025-06-30T14:40:51","guid":{"rendered":"https:\/\/www.egemtv.com\/?p=38952"},"modified":"2025-06-30T17:40:56","modified_gmt":"2025-06-30T14:40:56","slug":"kabotaj-bayramina-ozel-sahil-guvenlik-botu-halkin-ziyaretine-acilacak","status":"publish","type":"post","link":"https:\/\/www.egemtv.com\/?p=38952","title":{"rendered":"Kabotaj Bayram\u0131\u2019na \u00f6zel Sahil G\u00fcvenlik Botu halk\u0131n ziyaretine a\u00e7\u0131lacak"},"content":{"rendered":"<p>Ayd\u0131n\u2019\u0131n Ku\u015fadas\u0131 il\u00e7esinde 1 Temmuz Denizcilik ve Kabotaj Bayram\u0131 etkinlikleri kapsam\u0131nda Sahil G\u00fcvenlik botu vatanda\u015flar\u0131n ziyaretine a\u00e7\u0131lacak.<\/p>\n<p>1 Temmuz Denizcilik ve Kabotaj Bayram\u0131, T\u00fcrk denizcili\u011fi a\u00e7\u0131s\u0131ndan b\u00fcy\u00fck \u00f6nem ta\u015f\u0131yor. 1 Temmuz 1926 tarihinde y\u00fcr\u00fcrl\u00fc\u011fe giren Kabotaj Kanunu ile T\u00fcrkiye, kendi karasular\u0131nda yolcu ve y\u00fck ta\u015f\u0131ma hakk\u0131n\u0131 yabanc\u0131 devletlerden alarak milli egemenli\u011fini denizlerde de ilan etmi\u015f oldu. Bu tarihi g\u00fcn, her y\u0131l \u00e7e\u015fitli etkinliklerle kutlanarak denizcili\u011fin \u00f6nemi hat\u0131rlat\u0131l\u0131yor. Ku\u015fadas\u0131\u2019nda da bu kapsamda Sahil G\u00fcvenlik Ege Deniz B\u00f6lge Komutanl\u0131\u011f\u0131\u2019na ba\u011fl\u0131 TCSG-311 botu 1 Temmuz Sal\u0131 g\u00fcn\u00fc vatanda\u015flar\u0131n ziyaretine a\u00e7\u0131lacak. Kabotaj Bayram\u0131 dolay\u0131s\u0131yla d\u00fczenlenen etkinlikte vatanda\u015flar, Sahil G\u00fcvenlik Komutanl\u0131\u011f\u0131\u2019na ait botu yak\u0131ndan g\u00f6rme ve g\u00f6revleri hakk\u0131nda bilgi alma f\u0131rsat\u0131 bulacak.<\/p>\n<p>Ku\u015fadas\u0131 Kaymakaml\u0131\u011f\u0131 taraf\u0131ndan yap\u0131lan a\u00e7\u0131klamada, &#8220;1 Temmuz Kabotaj Bayram\u0131 kapsam\u0131nda, Sahil G\u00fcvenlik Ege Deniz B\u00f6lge Komutanl\u0131\u011f\u0131\u2019na ba\u011fl\u0131 TCSG-311 Sahil G\u00fcvenlik botu 1 Temmuz 2025 Sal\u0131 g\u00fcn\u00fc 09.00-17.00 saatleri aras\u0131nda Ku\u015fadas\u0131 Marina Sahil G\u00fcvenlik \u0130skelesi\u2019nde ziyarete a\u00e7\u0131lacakt\u0131r. T\u00fcm halk\u0131m\u0131z davetlidir&#8221; ifadelerine yer verildi.<br \/><\/p>\n","protected":false},"excerpt":{"rendered":"<p>Ayd\u0131n\u2019\u0131n Ku\u015fadas\u0131 il\u00e7esinde 1 Temmuz Denizcilik ve Kabotaj Bayram\u0131 etkinlikleri kapsam\u0131nda Sahil G\u00fcvenlik botu vatanda\u015flar\u0131n ziyaretine a\u00e7\u0131lacak. 1 Temmuz Denizcilik ve Kabotaj Bayram\u0131, T\u00fcrk denizcili\u011fi a\u00e7\u0131s\u0131ndan b\u00fcy\u00fck \u00f6nem ta\u015f\u0131yor. 1 Temmuz 1926 tarihinde y\u00fcr\u00fcrl\u00fc\u011fe giren Kabotaj Kanunu ile T\u00fcrkiye, kendi karasular\u0131nda yolcu ve y\u00fck ta\u015f\u0131ma hakk\u0131n\u0131 yabanc\u0131 devletlerden alarak milli egemenli\u011fini denizlerde de ilan etmi\u015f&#8230;<\/p>\n","protected":false},"author":1,"featured_media":38953,"comment_status":"open","ping_status":"open","sticky":false,"template":"","format":"standard","meta":{"_crdt_document":"","footnotes":""},"categories":[1],"tags":[],"class_list":["post-38952","post","type-post","status-publish","format-standard","has-post-thumbnail","hentry","category-guncel"],"_links":{"self":[{"href":"https:\/\/www.egemtv.com\/index.php?rest_route=\/wp\/v2\/posts\/38952","targetHints":{"allow":["GET"]}}],"collection":[{"href":"https:\/\/www.egemtv.com\/index.php?rest_route=\/wp\/v2\/posts"}],"about":[{"href":"https:\/\/www.egemtv.com\/index.php?rest_route=\/wp\/v2\/types\/post"}],"author":[{"embeddable":true,"href":"https:\/\/www.egemtv.com\/index.php?rest_route=\/wp\/v2\/users\/1"}],"replies":[{"embeddable":true,"href":"https:\/\/www.egemtv.com\/index.php?rest_route=%2Fwp%2Fv2%2Fcomments&post=38952"}],"version-history":[{"count":1,"href":"https:\/\/www.egemtv.com\/index.php?rest_route=\/wp\/v2\/posts\/38952\/revisions"}],"predecessor-version":[{"id":38954,"href":"https:\/\/www.egemtv.com\/index.php?rest_route=\/wp\/v2\/posts\/38952\/revisions\/38954"}],"wp:featuredmedia":[{"embeddable":true,"href":"https:\/\/www.egemtv.com\/index.php?rest_route=\/wp\/v2\/media\/38953"}],"wp:attachment":[{"href":"https:\/\/www.egemtv.com\/index.php?rest_route=%2Fwp%2Fv2%2Fmedia&parent=38952"}],"wp:term":[{"taxonomy":"category","embeddable":true,"href":"https:\/\/www.egemtv.com\/index.php?rest_route=%2Fwp%2Fv2%2Fcategories&post=38952"},{"taxonomy":"post_tag","embeddable":true,"href":"https:\/\/www.egemtv.com\/index.php?rest_route=%2Fwp%2Fv2%2Ftags&post=38952"}],"curies":[{"name":"wp","href":"https:\/\/api.w.org\/{rel}","templated":true}]}}