{"id":38949,"date":"2025-06-30T17:15:41","date_gmt":"2025-06-30T14:15:41","guid":{"rendered":"https:\/\/www.egemtv.com\/?p=38949"},"modified":"2025-06-30T17:15:45","modified_gmt":"2025-06-30T14:15:45","slug":"mcbunun-akilli-egitim-projesi-turkiye-vizyonuna-yon-veriyor","status":"publish","type":"post","link":"https:\/\/www.egemtv.com\/?p=38949","title":{"rendered":"MCB\u00dc\u2019n\u00fcn ak\u0131ll\u0131 e\u011fitim projesi T\u00fcrkiye vizyonuna y\u00f6n veriyor"},"content":{"rendered":"<p>Manisa Celal Bayar \u00dcniversitesi (MCB\u00dc), yapay zek\u00e2 destekli SMART ENG projesiyle T\u00dcB\u0130TAK 1711 Yapay Zek\u00e2 Ekosistem \u00c7a\u011fr\u0131s\u0131 kapsam\u0131nda destek almaya hak kazand\u0131. T\u00fcrkiye genelinde yaln\u0131zca 11 \u00fcniversite projesi aras\u0131nda yer bulan SMART ENG, dijital e\u011fitimde T\u00fcrkiye\u2019nin vizyonuna y\u00f6n verecek nitelikte yenilik\u00e7i \u00e7\u00f6z\u00fcmler sunuyor.<br \/>\n<br \/>Sanayi ve Teknoloji Bakan\u0131 Mehmet Fatih Kac\u0131r ile T\u00dcB\u0130TAK Ba\u015fkan\u0131 Prof. Dr. Orhan Ayd\u0131n\u2019\u0131n kat\u0131l\u0131mlar\u0131yla \u0130stanbul Fatih Sultan Mehmet Vak\u0131f \u00dcniversitesi Hali\u00e7 Yerle\u015fkesinde d\u00fczenlenen s\u00f6zle\u015fme imza t\u00f6renine, MCB\u00dc Rekt\u00f6r\u00fc Prof. Dr. Rana Kibar, Dr. \u00d6\u011fr. \u00dcyesi Volkan Alt\u0131nta\u015f ve \u00d6\u011fr. G\u00f6r. Mehmet Nuri \u00d6\u011f\u00fct kat\u0131ld\u0131.<br \/>\n<br \/>T\u00f6rende konu\u015fan Rekt\u00f6r Prof. Dr. Rana Kibar, &#8220;\u00dcniversitemizin \u00f6ncelikli hedeflerinden biri, yapay zek\u00e2 destekli \u00f6\u011frenme modelleriyle e\u011fitimde kaliteyi ve bireyselle\u015fmeyi art\u0131rmakt\u0131r. SMART ENG projesi bu vizyonun somut bir \u00f6rne\u011fidir. Kamu, akademi ve sanayi i\u015f birli\u011fiyle bu ba\u015far\u0131ya ula\u015fmak bizler i\u00e7in b\u00fcy\u00fck bir gurur kayna\u011f\u0131&#8221; dedi.<br \/>\n<br \/>MCB\u00dc\u2019n\u00fcn koordinat\u00f6rl\u00fc\u011f\u00fcn\u00fc \u00fcstlendi\u011fi SMART ENG projesi; yaz\u0131l\u0131m ve teknoloji firmas\u0131 BFZ Mekatronik ile e\u011fitim sekt\u00f6r\u00fcnde faaliyet g\u00f6steren Kalem Akademi E\u011fitim Kurumlar\u0131 i\u015f birli\u011finde y\u00fcr\u00fct\u00fcl\u00fcyor. Proje, \u0130ngilizce dil e\u011fitimi s\u00fcre\u00e7lerine yapay zek\u00e2 tabanl\u0131 \u00e7\u00f6z\u00fcmler entegre etmeyi hedefliyor.<br \/>\n<br \/>Proje kapsam\u0131nda; TOEFL ve IELTS gibi s\u0131navlara y\u00f6nelik otomatik de\u011ferlendirme sistemleri, oyunla\u015ft\u0131r\u0131lm\u0131\u015f \u00f6\u011frenme mod\u00fclleri, mobil ve web eri\u015fimli dijital platformlar, b\u00fcy\u00fck veri analiti\u011fi ile ki\u015fiselle\u015ftirilmi\u015f \u00f6\u011frenme sistemleri geli\u015ftirilecek.<br \/>\n<br \/>T\u00dcB\u0130TAK\u2019tan destek alan SMART ENG projesi, e\u011fitim teknolojilerinde yapay zek\u00e2n\u0131n d\u00f6n\u00fc\u015ft\u00fcr\u00fcc\u00fc g\u00fcc\u00fcn\u00fc somutla\u015ft\u0131rarak, T\u00fcrkiye\u2019nin y\u00fcksek\u00f6\u011fretim ve dijital d\u00f6n\u00fc\u015f\u00fcm yolculu\u011funa ilham vermeyi ama\u00e7l\u0131yor.<br \/><\/p>\n","protected":false},"excerpt":{"rendered":"<p>Manisa Celal Bayar \u00dcniversitesi (MCB\u00dc), yapay zek\u00e2 destekli SMART ENG projesiyle T\u00dcB\u0130TAK 1711 Yapay Zek\u00e2 Ekosistem \u00c7a\u011fr\u0131s\u0131 kapsam\u0131nda destek almaya hak kazand\u0131. T\u00fcrkiye genelinde yaln\u0131zca 11 \u00fcniversite projesi aras\u0131nda yer bulan SMART ENG, dijital e\u011fitimde T\u00fcrkiye\u2019nin vizyonuna y\u00f6n verecek nitelikte yenilik\u00e7i \u00e7\u00f6z\u00fcmler sunuyor. Sanayi ve Teknoloji Bakan\u0131 Mehmet Fatih Kac\u0131r ile T\u00dcB\u0130TAK Ba\u015fkan\u0131 Prof. Dr&#8230;.<\/p>\n","protected":false},"author":1,"featured_media":38950,"comment_status":"open","ping_status":"open","sticky":false,"template":"","format":"standard","meta":{"_crdt_document":"","footnotes":""},"categories":[124],"tags":[],"class_list":["post-38949","post","type-post","status-publish","format-standard","has-post-thumbnail","hentry","category-bilim"],"_links":{"self":[{"href":"https:\/\/www.egemtv.com\/index.php?rest_route=\/wp\/v2\/posts\/38949","targetHints":{"allow":["GET"]}}],"collection":[{"href":"https:\/\/www.egemtv.com\/index.php?rest_route=\/wp\/v2\/posts"}],"about":[{"href":"https:\/\/www.egemtv.com\/index.php?rest_route=\/wp\/v2\/types\/post"}],"author":[{"embeddable":true,"href":"https:\/\/www.egemtv.com\/index.php?rest_route=\/wp\/v2\/users\/1"}],"replies":[{"embeddable":true,"href":"https:\/\/www.egemtv.com\/index.php?rest_route=%2Fwp%2Fv2%2Fcomments&post=38949"}],"version-history":[{"count":1,"href":"https:\/\/www.egemtv.com\/index.php?rest_route=\/wp\/v2\/posts\/38949\/revisions"}],"predecessor-version":[{"id":38951,"href":"https:\/\/www.egemtv.com\/index.php?rest_route=\/wp\/v2\/posts\/38949\/revisions\/38951"}],"wp:featuredmedia":[{"embeddable":true,"href":"https:\/\/www.egemtv.com\/index.php?rest_route=\/wp\/v2\/media\/38950"}],"wp:attachment":[{"href":"https:\/\/www.egemtv.com\/index.php?rest_route=%2Fwp%2Fv2%2Fmedia&parent=38949"}],"wp:term":[{"taxonomy":"category","embeddable":true,"href":"https:\/\/www.egemtv.com\/index.php?rest_route=%2Fwp%2Fv2%2Fcategories&post=38949"},{"taxonomy":"post_tag","embeddable":true,"href":"https:\/\/www.egemtv.com\/index.php?rest_route=%2Fwp%2Fv2%2Ftags&post=38949"}],"curies":[{"name":"wp","href":"https:\/\/api.w.org\/{rel}","templated":true}]}}