{"id":38946,"date":"2025-06-30T16:56:54","date_gmt":"2025-06-30T13:56:54","guid":{"rendered":"https:\/\/www.egemtv.com\/?p=38946"},"modified":"2025-06-30T16:56:58","modified_gmt":"2025-06-30T13:56:58","slug":"bodrumdaki-yangin-kontrol-altina-alindi","status":"publish","type":"post","link":"https:\/\/www.egemtv.com\/?p=38946","title":{"rendered":"Bodrum\u2019daki yang\u0131n kontrol alt\u0131na al\u0131nd\u0131"},"content":{"rendered":"<p>Mu\u011fla\u2019n\u0131n Bodrum il\u00e7esinde makilik ve ormanl\u0131k alanda \u00e7\u0131kan yang\u0131n, havadan ve karadan m\u00fcdahaleyle kontrol alt\u0131na al\u0131nd\u0131. Yang\u0131nda 4 hektar alan zarar g\u00f6rd\u00fc.<\/p>\n<p>Edinilen bilgiye g\u00f6re, Ortakent Midtown AVM arkas\u0131ndaki ormanl\u0131k alanda, hen\u00fcz bilinmeyen bir nedenle yang\u0131n ba\u015flad\u0131. \u0130\u00e7erisinden y\u00fcksek gerilim hatlar\u0131n\u0131n ge\u00e7ti\u011fi alanda ba\u015flayan yang\u0131n, r\u00fczgar\u0131n etkisiyle b\u00fcy\u00fcd\u00fc. \u0130lk m\u00fcdahaleyi AVM \u00e7al\u0131\u015fanlar\u0131n\u0131n yapt\u0131\u011f\u0131 yang\u0131nla ilgili ihbar\u0131n ard\u0131ndan itfaiye ve orman ekipleri b\u00f6lgeye sevk edildi. Yang\u0131n nedeniyle tedbir ama\u00e7l\u0131 AVM bo\u015falt\u0131larak kapat\u0131ld\u0131.<\/p>\n<p>Alevler, AVM\u2019nin yak\u0131n\u0131nda s\u00f6nd\u00fcr\u00fcld\u00fc fakat da\u011f\u0131n yamac\u0131na do\u011fru ilerledi. Yang\u0131n, havadan ve karadan m\u00fcdahaleyle 3 saat sonra kontrol alt\u0131na al\u0131nd\u0131. Yang\u0131nda ilk belirlemelere g\u00f6re 2 hektar makilik, 2 hektar orman olmak \u00fczere toplam 4 hektar alan k\u00fcle d\u00f6nd\u00fc. B\u00f6lgede so\u011futma \u00e7al\u0131\u015fmalar\u0131 devam ediyor.<br \/><\/p>\n","protected":false},"excerpt":{"rendered":"<p>Mu\u011fla\u2019n\u0131n Bodrum il\u00e7esinde makilik ve ormanl\u0131k alanda \u00e7\u0131kan yang\u0131n, havadan ve karadan m\u00fcdahaleyle kontrol alt\u0131na al\u0131nd\u0131. Yang\u0131nda 4 hektar alan zarar g\u00f6rd\u00fc. Edinilen bilgiye g\u00f6re, Ortakent Midtown AVM arkas\u0131ndaki ormanl\u0131k alanda, hen\u00fcz bilinmeyen bir nedenle yang\u0131n ba\u015flad\u0131. \u0130\u00e7erisinden y\u00fcksek gerilim hatlar\u0131n\u0131n ge\u00e7ti\u011fi alanda ba\u015flayan yang\u0131n, r\u00fczgar\u0131n etkisiyle b\u00fcy\u00fcd\u00fc. \u0130lk m\u00fcdahaleyi AVM \u00e7al\u0131\u015fanlar\u0131n\u0131n yapt\u0131\u011f\u0131 yang\u0131nla ilgili&#8230;<\/p>\n","protected":false},"author":1,"featured_media":38947,"comment_status":"open","ping_status":"open","sticky":false,"template":"","format":"standard","meta":{"_crdt_document":"","footnotes":""},"categories":[5],"tags":[],"class_list":["post-38946","post","type-post","status-publish","format-standard","has-post-thumbnail","hentry","category-asayis"],"_links":{"self":[{"href":"https:\/\/www.egemtv.com\/index.php?rest_route=\/wp\/v2\/posts\/38946","targetHints":{"allow":["GET"]}}],"collection":[{"href":"https:\/\/www.egemtv.com\/index.php?rest_route=\/wp\/v2\/posts"}],"about":[{"href":"https:\/\/www.egemtv.com\/index.php?rest_route=\/wp\/v2\/types\/post"}],"author":[{"embeddable":true,"href":"https:\/\/www.egemtv.com\/index.php?rest_route=\/wp\/v2\/users\/1"}],"replies":[{"embeddable":true,"href":"https:\/\/www.egemtv.com\/index.php?rest_route=%2Fwp%2Fv2%2Fcomments&post=38946"}],"version-history":[{"count":1,"href":"https:\/\/www.egemtv.com\/index.php?rest_route=\/wp\/v2\/posts\/38946\/revisions"}],"predecessor-version":[{"id":38948,"href":"https:\/\/www.egemtv.com\/index.php?rest_route=\/wp\/v2\/posts\/38946\/revisions\/38948"}],"wp:featuredmedia":[{"embeddable":true,"href":"https:\/\/www.egemtv.com\/index.php?rest_route=\/wp\/v2\/media\/38947"}],"wp:attachment":[{"href":"https:\/\/www.egemtv.com\/index.php?rest_route=%2Fwp%2Fv2%2Fmedia&parent=38946"}],"wp:term":[{"taxonomy":"category","embeddable":true,"href":"https:\/\/www.egemtv.com\/index.php?rest_route=%2Fwp%2Fv2%2Fcategories&post=38946"},{"taxonomy":"post_tag","embeddable":true,"href":"https:\/\/www.egemtv.com\/index.php?rest_route=%2Fwp%2Fv2%2Ftags&post=38946"}],"curies":[{"name":"wp","href":"https:\/\/api.w.org\/{rel}","templated":true}]}}