{"id":38940,"date":"2025-06-30T16:56:48","date_gmt":"2025-06-30T13:56:48","guid":{"rendered":"https:\/\/www.egemtv.com\/?p=38940"},"modified":"2025-06-30T16:56:53","modified_gmt":"2025-06-30T13:56:53","slug":"kilicdaroglundan-datca-belediyesine-cagri","status":"publish","type":"post","link":"https:\/\/www.egemtv.com\/?p=38940","title":{"rendered":"K\u0131l\u0131\u00e7daro\u011flu\u2019ndan Dat\u00e7a Belediyesine \u00e7a\u011fr\u0131"},"content":{"rendered":"<p>Bir sosyal medya kullan\u0131c\u0131s\u0131n\u0131n eski CHP Genel Ba\u015fkan\u0131 Kemal K\u0131l\u0131\u00e7daro\u011flu ile ilgili Dat\u00e7a\u2019da \u2018Tatil\u2019 payla\u015f\u0131m\u0131na Dat\u00e7a Belediyesi resmi sosyal medya hesab\u0131ndan \u2018Maalesef doluyuz\u2019 cevab\u0131 sonras\u0131 bir \u00e7al\u0131\u015fan\u0131n i\u015ften \u00e7\u0131kar\u0131ld\u0131\u011f\u0131na ili\u015fkin Kemal K\u0131l\u0131\u00e7daro\u011flu &#8220;Kimsenin ekme\u011fiyle oynamay\u0131 do\u011fru bulmuyorum\u2019 diyerek payla\u015f\u0131m nedeniyle g\u00f6revden al\u0131nd\u0131ysa y\u00f6neticinin iade edilmesini istedi.<br \/>\n<br \/>Dat\u00e7a Belediyesi\u2019nin resmi sosyal medya hesab\u0131ndan yap\u0131lan \u2018Maalesef doluyuz\u2019 payla\u015f\u0131m\u0131 sonras\u0131 bir\u00e7ok kesim taraf\u0131ndan Dat\u00e7a Belediyesi hedef al\u0131nm\u0131\u015ft\u0131. Eski CHP Genel Ba\u015fkan\u0131 Kemal K\u0131l\u0131\u00e7daro\u011flu, payla\u015f\u0131m sonras\u0131 Dat\u00e7a Belediyesi taraf\u0131ndan belediyenin sosyal medya hesaplar\u0131n\u0131 takip eden bir \u00e7al\u0131\u015fan\u0131n i\u015ften \u00e7\u0131kar\u0131ld\u0131\u011f\u0131na ili\u015fkin yapt\u0131\u011f\u0131 payla\u015f\u0131mda, &#8220;Kimsenin ekme\u011fiyle oynamay\u0131 do\u011fru bulmuyorum. E\u011fer Dat\u00e7a belediyesinde \u00e7al\u0131\u015fan arkada\u015f\u0131m\u0131z\u0131n i\u015ften \u00e7\u0131kar\u0131lma gerek\u00e7esi, \u015fahs\u0131mla ilgili yapt\u0131\u011f\u0131 bir payla\u015f\u0131m ise kendisine hakk\u0131m\u0131 helal ediyorum. G\u00f6revine iade edilmesi beni memnun eder&#8221; diyerek Dat\u00e7a Belediyesine \u00e7a\u011fr\u0131da bulundu.<br \/>\n<br \/>Dat\u00e7a Belediyeyi yetkililerinden al\u0131nan bilgiye g\u00f6re, Dat\u00e7a Belediyesinin resmi sosyal medya hesaplar\u0131n\u0131 daha \u00f6nce Belediyede yine ayn\u0131 g\u00f6revi y\u00fcr\u00fcten ve daha sonra emekli olan Osman Ak\u0131n\u2019\u0131n takip etti\u011fini, Belediyenin Osman Ak\u0131n\u2019\u0131n emeklilik sonras\u0131 kurdu\u011fu \u015firketten sosyal medya hesaplar\u0131n\u0131 takip etmesi i\u00e7in hizmet sat\u0131n ald\u0131\u011f\u0131n\u0131, Kemal K\u0131l\u0131\u00e7daro\u011flu ile ilgili payla\u015f\u0131m\u0131n ard\u0131ndan \u015firket ile s\u00f6zle\u015fmenin fesih edildi\u011fini belirttiler.<br \/><\/p>\n","protected":false},"excerpt":{"rendered":"<p>Bir sosyal medya kullan\u0131c\u0131s\u0131n\u0131n eski CHP Genel Ba\u015fkan\u0131 Kemal K\u0131l\u0131\u00e7daro\u011flu ile ilgili Dat\u00e7a\u2019da \u2018Tatil\u2019 payla\u015f\u0131m\u0131na Dat\u00e7a Belediyesi resmi sosyal medya hesab\u0131ndan \u2018Maalesef doluyuz\u2019 cevab\u0131 sonras\u0131 bir \u00e7al\u0131\u015fan\u0131n i\u015ften \u00e7\u0131kar\u0131ld\u0131\u011f\u0131na ili\u015fkin Kemal K\u0131l\u0131\u00e7daro\u011flu &#8220;Kimsenin ekme\u011fiyle oynamay\u0131 do\u011fru bulmuyorum\u2019 diyerek payla\u015f\u0131m nedeniyle g\u00f6revden al\u0131nd\u0131ysa y\u00f6neticinin iade edilmesini istedi. Dat\u00e7a Belediyesi\u2019nin resmi sosyal medya hesab\u0131ndan yap\u0131lan \u2018Maalesef doluyuz\u2019&#8230;<\/p>\n","protected":false},"author":1,"featured_media":38941,"comment_status":"open","ping_status":"open","sticky":false,"template":"","format":"standard","meta":{"_crdt_document":"","footnotes":""},"categories":[127],"tags":[],"class_list":["post-38940","post","type-post","status-publish","format-standard","has-post-thumbnail","hentry","category-siyaset"],"_links":{"self":[{"href":"https:\/\/www.egemtv.com\/index.php?rest_route=\/wp\/v2\/posts\/38940","targetHints":{"allow":["GET"]}}],"collection":[{"href":"https:\/\/www.egemtv.com\/index.php?rest_route=\/wp\/v2\/posts"}],"about":[{"href":"https:\/\/www.egemtv.com\/index.php?rest_route=\/wp\/v2\/types\/post"}],"author":[{"embeddable":true,"href":"https:\/\/www.egemtv.com\/index.php?rest_route=\/wp\/v2\/users\/1"}],"replies":[{"embeddable":true,"href":"https:\/\/www.egemtv.com\/index.php?rest_route=%2Fwp%2Fv2%2Fcomments&post=38940"}],"version-history":[{"count":1,"href":"https:\/\/www.egemtv.com\/index.php?rest_route=\/wp\/v2\/posts\/38940\/revisions"}],"predecessor-version":[{"id":38942,"href":"https:\/\/www.egemtv.com\/index.php?rest_route=\/wp\/v2\/posts\/38940\/revisions\/38942"}],"wp:featuredmedia":[{"embeddable":true,"href":"https:\/\/www.egemtv.com\/index.php?rest_route=\/wp\/v2\/media\/38941"}],"wp:attachment":[{"href":"https:\/\/www.egemtv.com\/index.php?rest_route=%2Fwp%2Fv2%2Fmedia&parent=38940"}],"wp:term":[{"taxonomy":"category","embeddable":true,"href":"https:\/\/www.egemtv.com\/index.php?rest_route=%2Fwp%2Fv2%2Fcategories&post=38940"},{"taxonomy":"post_tag","embeddable":true,"href":"https:\/\/www.egemtv.com\/index.php?rest_route=%2Fwp%2Fv2%2Ftags&post=38940"}],"curies":[{"name":"wp","href":"https:\/\/api.w.org\/{rel}","templated":true}]}}