{"id":38937,"date":"2025-06-30T16:56:44","date_gmt":"2025-06-30T13:56:44","guid":{"rendered":"https:\/\/www.egemtv.com\/?p=38937"},"modified":"2025-06-30T16:56:48","modified_gmt":"2025-06-30T13:56:48","slug":"alevler-ormana-sicramadan-sonduruldu","status":"publish","type":"post","link":"https:\/\/www.egemtv.com\/?p=38937","title":{"rendered":"Alevler ormana s\u0131\u00e7ramadan s\u00f6nd\u00fcr\u00fcld\u00fc"},"content":{"rendered":"<p>Mu\u011fla\u2019n\u0131n Milas il\u00e7esinde zirai alanda \u00e7\u0131kan yang\u0131n, ekiplerin h\u0131zl\u0131 m\u00fcdahalesiyle ormanl\u0131k alana s\u0131\u00e7ramadan s\u00f6nd\u00fcr\u00fcld\u00fc.<br \/>\n<br \/>Yang\u0131n, Milas il\u00e7esi \u00c7amk\u00f6y Mahallesi\u2019nde meydana geldi. Edinilen bilgiye g\u00f6re zirai alanda hen\u00fcz bilinmeyen bir nedenle yang\u0131n \u00e7\u0131kt\u0131. \u0130hbar \u00fczerine b\u00f6lgeye sevk edilen ekipler yang\u0131n\u0131n kontrol alt\u0131na al\u0131nmas\u0131 i\u00e7in \u00e7al\u0131\u015fmalara ba\u015flad\u0131. Ekipler, alevlerin yak\u0131ndaki ormanl\u0131k alana s\u0131\u00e7ramamas\u0131 i\u00e7in yo\u011fun \u00e7aba sarf ederken, havadan ve karadan yap\u0131lan h\u0131zl\u0131 m\u00fcdahale ile yang\u0131n s\u00f6nd\u00fcr\u00fcld\u00fc. Ekiplerin h\u0131zl\u0131 m\u00fcdahalesi muhtemel bir felaketin \u00f6n\u00fcne ge\u00e7erken, b\u00f6lgede so\u011futma \u00e7al\u0131\u015fmalar\u0131 s\u00fcr\u00fcyor.<br \/><\/p>\n","protected":false},"excerpt":{"rendered":"<p>Mu\u011fla\u2019n\u0131n Milas il\u00e7esinde zirai alanda \u00e7\u0131kan yang\u0131n, ekiplerin h\u0131zl\u0131 m\u00fcdahalesiyle ormanl\u0131k alana s\u0131\u00e7ramadan s\u00f6nd\u00fcr\u00fcld\u00fc. Yang\u0131n, Milas il\u00e7esi \u00c7amk\u00f6y Mahallesi\u2019nde meydana geldi. Edinilen bilgiye g\u00f6re zirai alanda hen\u00fcz bilinmeyen bir nedenle yang\u0131n \u00e7\u0131kt\u0131. \u0130hbar \u00fczerine b\u00f6lgeye sevk edilen ekipler yang\u0131n\u0131n kontrol alt\u0131na al\u0131nmas\u0131 i\u00e7in \u00e7al\u0131\u015fmalara ba\u015flad\u0131. Ekipler, alevlerin yak\u0131ndaki ormanl\u0131k alana s\u0131\u00e7ramamas\u0131 i\u00e7in yo\u011fun \u00e7aba sarf&#8230;<\/p>\n","protected":false},"author":1,"featured_media":38938,"comment_status":"open","ping_status":"open","sticky":false,"template":"","format":"standard","meta":{"_crdt_document":"","footnotes":""},"categories":[5],"tags":[],"class_list":["post-38937","post","type-post","status-publish","format-standard","has-post-thumbnail","hentry","category-asayis"],"_links":{"self":[{"href":"https:\/\/www.egemtv.com\/index.php?rest_route=\/wp\/v2\/posts\/38937","targetHints":{"allow":["GET"]}}],"collection":[{"href":"https:\/\/www.egemtv.com\/index.php?rest_route=\/wp\/v2\/posts"}],"about":[{"href":"https:\/\/www.egemtv.com\/index.php?rest_route=\/wp\/v2\/types\/post"}],"author":[{"embeddable":true,"href":"https:\/\/www.egemtv.com\/index.php?rest_route=\/wp\/v2\/users\/1"}],"replies":[{"embeddable":true,"href":"https:\/\/www.egemtv.com\/index.php?rest_route=%2Fwp%2Fv2%2Fcomments&post=38937"}],"version-history":[{"count":1,"href":"https:\/\/www.egemtv.com\/index.php?rest_route=\/wp\/v2\/posts\/38937\/revisions"}],"predecessor-version":[{"id":38939,"href":"https:\/\/www.egemtv.com\/index.php?rest_route=\/wp\/v2\/posts\/38937\/revisions\/38939"}],"wp:featuredmedia":[{"embeddable":true,"href":"https:\/\/www.egemtv.com\/index.php?rest_route=\/wp\/v2\/media\/38938"}],"wp:attachment":[{"href":"https:\/\/www.egemtv.com\/index.php?rest_route=%2Fwp%2Fv2%2Fmedia&parent=38937"}],"wp:term":[{"taxonomy":"category","embeddable":true,"href":"https:\/\/www.egemtv.com\/index.php?rest_route=%2Fwp%2Fv2%2Fcategories&post=38937"},{"taxonomy":"post_tag","embeddable":true,"href":"https:\/\/www.egemtv.com\/index.php?rest_route=%2Fwp%2Fv2%2Ftags&post=38937"}],"curies":[{"name":"wp","href":"https:\/\/api.w.org\/{rel}","templated":true}]}}