{"id":38934,"date":"2025-06-30T16:36:21","date_gmt":"2025-06-30T13:36:21","guid":{"rendered":"https:\/\/www.egemtv.com\/?p=38934"},"modified":"2025-06-30T16:36:25","modified_gmt":"2025-06-30T13:36:25","slug":"bakan-yumakli-yanginlarin-6si-halen-aktif-akhisarda-tek-noktaya-yogunlastik","status":"publish","type":"post","link":"https:\/\/www.egemtv.com\/?p=38934","title":{"rendered":"Bakan Yumakl\u0131: &#8220;Yang\u0131nlar\u0131n 6\u2019s\u0131 halen aktif, Akhisar\u2019da tek noktaya yo\u011funla\u015ft\u0131k&#8221;"},"content":{"rendered":"<p>MAN\u0130SA (\u0130HA) \u2013 Tar\u0131m ve Orman Bakan\u0131 \u0130brahim Yumakl\u0131, Manisa\u2019n\u0131n Akhisar il\u00e7esinde 3 g\u00fcnd\u00fcr devam eden orman yang\u0131n\u0131 ve T\u00fcrkiye genelindeki orman yang\u0131nlar\u0131n\u0131n son durumuna ili\u015fkin a\u00e7\u0131klamalarda bulundu. Yumakl\u0131, yang\u0131nlar\u0131n 6\u2019s\u0131n\u0131n halen aktif oldu\u011funu ve Akhisar\u2019daki yang\u0131nda yaln\u0131zca bir noktada m\u00fccadelenin s\u00fcrd\u00fc\u011f\u00fcn\u00fc ifade etti.<br \/>\n<br \/>Yang\u0131n b\u00f6lgesindeki \u00e7al\u0131\u015fmalar\u0131 yerinde incelemek ve de\u011ferlendirmelerde bulunmak \u00fczere Manisa\u2019n\u0131n Akhisar il\u00e7esine gelen Tar\u0131m ve Orman Bakan\u0131 \u0130brahim Yumakl\u0131, bas\u0131n mensuplar\u0131na a\u00e7\u0131klamalarda bulundu. Yumakl\u0131, &#8220;\u015eu anda Manisa Akhisar\u2019day\u0131z. Buradaki durumu hem yerinde g\u00f6rmek hem de arkada\u015flarla durumu isti\u015fare etmek i\u00e7in geldik. Bug\u00fcn 13 b\u00fcy\u00fck yang\u0131nla m\u00fccadele ettik. Bunlardan \u00fc\u00e7 tanesi d\u00fcnden bug\u00fcne gelen \u0130zmir\u2019deki Seferihisar yang\u0131nlar\u0131yd\u0131. Di\u011feri de buras\u0131yd\u0131. \u015eu anda b\u00fct\u00fcn bunlardan sonra en son aktif 6 tane yang\u0131n var. Bir tanesi i\u00e7inde bulundu\u011fumuz Manisa Akhisar. Sadece bir noktas\u0131 kald\u0131. \u0130n\u015fallah e\u011fer r\u00fczgar izin verirse buradan g\u00fczel haberler verece\u011fiz. \u0130zmir Seferihisar ve \u0130zmir Menderes\u2019te durum hala ciddiyetini koruyor. Asl\u0131na bakarsan\u0131z enerji d\u00fc\u015f\u00fcr\u00fclm\u00fc\u015ft\u00fc. Ancak karars\u0131z ve \u015fiddetli r\u00fczgar \u015fartlar\u0131 bizim faaliyetlerimizi zaman zaman zor durumda b\u0131rakabiliyor. Arkada\u015flar yeniden g\u00fc\u00e7lerini toplayarak m\u00fcdahale ediyorlar&#8221; dedi.<\/p>\n<p>Hatay, Ayd\u0131n, Mu\u011fla ve \u0130zmir\u2019de de yang\u0131nlarla m\u00fccadele s\u00fcr\u00fcyor<br \/>\n<br \/>Hatay Antakya\u2019da sabah saatlerinde \u00e7\u0131kan yang\u0131nda \u00e7ok ciddi bir r\u00fczgar\u0131n etkisi oldu\u011funu vurgulayan Bakan Yumakl\u0131, konu\u015fmas\u0131na \u015f\u00f6yle devam etti: &#8220;\u015eu anda arkada\u015flar\u0131m\u0131z m\u00fcdahale ediyor ama hava ara\u00e7lar\u0131n\u0131 maalesef kald\u0131ram\u0131yoruz. Ayd\u0131n Sultanhisar\u2019da \u00f6\u011fle saatlerinde \u00e7\u0131kan yang\u0131n devam ediyor. Mu\u011fla Bodrum\u2019da ise yang\u0131n orman d\u0131\u015f\u0131nda ba\u015flay\u0131p ormanl\u0131k alana sirayet etti. M\u00fcdahalemiz s\u00fcr\u00fcyor. \u015eu anda Manisa Akhisar\u2019da 3 u\u00e7ak, 7 helikopter, 43 araz\u00f6z ve yakla\u015f\u0131k 900 personelle arkada\u015flar\u0131m\u0131z o tek noktaya konsantre olmu\u015f vaziyetteler. Yang\u0131n\u0131n ba\u015flamas\u0131ndan itibaren valili\u011fimiz ve buradaki b\u00fct\u00fcn arkada\u015flar\u0131m\u0131z\u0131n risk de\u011ferlendirmesi sonucu 12 yerle\u015fim yeri tedbiren tahliye edildi. Herhangi bir yaralanma ya da sa\u011fl\u0131k sorunu ya\u015fanmamas\u0131 sevindirici&#8221;<\/p>\n<p>&#8220;Cumhuriyet tarihinin en g\u00fc\u00e7l\u00fc kara ve hava g\u00fcc\u00fcne sahibiz&#8221;<br \/>\n<br \/>T\u00fcrkiye genelinde yang\u0131nlarla m\u00fccadelede etkin m\u00fccadeleyi s\u00fcrd\u00fcrd\u00fcklerini ifade eden Yumakl\u0131, &#8220;\u0130zmir, Seferihisar ve Menderes\u2019te 4 u\u00e7ak, 14 helikopter, 106 araz\u00f6z g\u00f6rev yap\u0131yor. Hatay Antakya\u2019da 30 araz\u00f6zle karadan m\u00fcdahale s\u00fcrerken, hava ara\u00e7lar\u0131n\u0131 sevk ettik ama kald\u0131ram\u0131yoruz. 3 mahalle tedbiren tahliye edildi. Ayd\u0131n Sultanhisar\u2019da 2 u\u00e7ak, 4 helikopter, 13 araz\u00f6z, Mu\u011fla Bodrum\u2019da ise 3 helikopter, 7 araz\u00f6z g\u00f6rev yap\u0131yor. Cumhuriyet tarihinin en y\u00fcksek kara ve hava g\u00fcc\u00fcne ula\u015fm\u0131\u015f durumday\u0131z. Ge\u00e7ti\u011fimiz y\u0131llar\u0131n k\u0131yaslamas\u0131n\u0131 yapt\u0131\u011f\u0131m\u0131zda ger\u00e7ekten bu kabiliyetin bize bug\u00fcn itibariyle \u00e7ok \u00f6nemli bir avantaj sa\u011flad\u0131\u011f\u0131n\u0131 s\u00f6ylemem gerekiyor.<br \/>\n<br \/>Hem kara g\u00fcc\u00fc olarak hem hava g\u00fcc\u00fc olarak bu kadar farkl\u0131 yerlerde ve hakikaten ciddi kategorisindeki yang\u0131nlara bu kabiliyetimiz sayesinde m\u00fcdahale edebiliyoruz. Ancak hat\u0131rlatmalar\u0131 burada yang\u0131n\u0131 s\u00f6nd\u00fcrmek de\u011fil as\u0131l ba\u015far\u0131. \u00dclkemizin kaynaklar\u0131, yok olan ekosistem. Art\u0131k ne derseniz b\u00fct\u00fcn bunlar\u0131n hi\u00e7birisinin asl\u0131nda olmamas\u0131n\u0131 sa\u011flayabiliriz. Biraz hassasiyet, biraz gayret, biraz dikkat. Yani dikkat ederseniz s\u00f6yledi\u011fimiz her \u015fey insan fakt\u00f6r\u00fc. E\u011fer yang\u0131n\u0131, insan fakt\u00f6r\u00fc konusunu a\u015fabilirsek yang\u0131n konusunu da \u00e7\u00f6zece\u011fiz. Biz ge\u00e7ti\u011fimiz y\u0131l\u0131n ekim ay\u0131nda ba\u015flam\u0131\u015ft\u0131k. T\u00fcrkiye\u2019de b\u00fct\u00fcn k\u00f6ylere tek tek gittik. Yang\u0131n \u00e7\u0131kma riski olan ve hayatla orman\u0131n i\u00e7 i\u00e7 oldu\u011fu yerlere gittik. B\u00fct\u00fcn bu uyar\u0131lar\u0131m\u0131z\u0131 yapt\u0131k. Ancak buna ra\u011fmen hala bug\u00fcn vatanda\u015flar\u0131n i\u015fte can\u0131n\u0131 mal\u0131n\u0131 tehlikeye atabilecek buradaki ekolojik sistemi yok edecek ve devletin kaynaklar\u0131n\u0131 heba edecek konular\u0131 maalesef konu\u015fuyoruz. \u00d6rne\u011fin Akhisar\u2019da bir ar\u0131c\u0131n\u0131n yakm\u0131\u015f oldu\u011fu ate\u015f nedeniyle bu yang\u0131n ba\u015flad\u0131. B\u00fct\u00fcn uyar\u0131lar\u0131m\u0131za ra\u011fmen, b\u00fct\u00fcn kanallar\u0131 kullanarak bilgilendirme yapmam\u0131za ra\u011fmen bu olay ya\u015fand\u0131. E\u011fer bu konular\u0131 hala konu\u015fuyorsak \u015fapkam\u0131z\u0131 \u00f6n\u00fcm\u00fcze koyup d\u00fc\u015f\u00fcnmemizin zaman\u0131 geldi de ge\u00e7ti bile. Biz, arkada\u015flar\u0131m\u0131zla beraber bu yang\u0131nlar\u0131 s\u00f6nd\u00fcr\u00fcr\u00fcz. Ancak vatanda\u015flar\u0131m\u0131z\u0131n deste\u011fine ve duas\u0131na ihtiyac\u0131m\u0131z var. R\u00fczgar maalesef olumsuz etkiliyor. \u0130n\u015fallah \u00f6nce Manisa\u2019dan, ard\u0131ndan di\u011fer illerimizden iyi haberler vermeyi arzuluyoruz&#8221; dedi.<br \/>\n<br \/>Bakan Yumakl\u0131, d\u00fczenli olarak kamuoyunu bilgilendirmeye devam edeceklerini belirtti.<br \/><\/p>\n","protected":false},"excerpt":{"rendered":"<p>MAN\u0130SA (\u0130HA) \u2013 Tar\u0131m ve Orman Bakan\u0131 \u0130brahim Yumakl\u0131, Manisa\u2019n\u0131n Akhisar il\u00e7esinde 3 g\u00fcnd\u00fcr devam eden orman yang\u0131n\u0131 ve T\u00fcrkiye genelindeki orman yang\u0131nlar\u0131n\u0131n son durumuna ili\u015fkin a\u00e7\u0131klamalarda bulundu. Yumakl\u0131, yang\u0131nlar\u0131n 6\u2019s\u0131n\u0131n halen aktif oldu\u011funu ve Akhisar\u2019daki yang\u0131nda yaln\u0131zca bir noktada m\u00fccadelenin s\u00fcrd\u00fc\u011f\u00fcn\u00fc ifade etti. Yang\u0131n b\u00f6lgesindeki \u00e7al\u0131\u015fmalar\u0131 yerinde incelemek ve de\u011ferlendirmelerde bulunmak \u00fczere Manisa\u2019n\u0131n Akhisar&#8230;<\/p>\n","protected":false},"author":1,"featured_media":38935,"comment_status":"open","ping_status":"open","sticky":false,"template":"","format":"standard","meta":{"_crdt_document":"","footnotes":""},"categories":[1],"tags":[],"class_list":["post-38934","post","type-post","status-publish","format-standard","has-post-thumbnail","hentry","category-guncel"],"_links":{"self":[{"href":"https:\/\/www.egemtv.com\/index.php?rest_route=\/wp\/v2\/posts\/38934","targetHints":{"allow":["GET"]}}],"collection":[{"href":"https:\/\/www.egemtv.com\/index.php?rest_route=\/wp\/v2\/posts"}],"about":[{"href":"https:\/\/www.egemtv.com\/index.php?rest_route=\/wp\/v2\/types\/post"}],"author":[{"embeddable":true,"href":"https:\/\/www.egemtv.com\/index.php?rest_route=\/wp\/v2\/users\/1"}],"replies":[{"embeddable":true,"href":"https:\/\/www.egemtv.com\/index.php?rest_route=%2Fwp%2Fv2%2Fcomments&post=38934"}],"version-history":[{"count":1,"href":"https:\/\/www.egemtv.com\/index.php?rest_route=\/wp\/v2\/posts\/38934\/revisions"}],"predecessor-version":[{"id":38936,"href":"https:\/\/www.egemtv.com\/index.php?rest_route=\/wp\/v2\/posts\/38934\/revisions\/38936"}],"wp:featuredmedia":[{"embeddable":true,"href":"https:\/\/www.egemtv.com\/index.php?rest_route=\/wp\/v2\/media\/38935"}],"wp:attachment":[{"href":"https:\/\/www.egemtv.com\/index.php?rest_route=%2Fwp%2Fv2%2Fmedia&parent=38934"}],"wp:term":[{"taxonomy":"category","embeddable":true,"href":"https:\/\/www.egemtv.com\/index.php?rest_route=%2Fwp%2Fv2%2Fcategories&post=38934"},{"taxonomy":"post_tag","embeddable":true,"href":"https:\/\/www.egemtv.com\/index.php?rest_route=%2Fwp%2Fv2%2Ftags&post=38934"}],"curies":[{"name":"wp","href":"https:\/\/api.w.org\/{rel}","templated":true}]}}