{"id":38916,"date":"2025-06-30T14:56:07","date_gmt":"2025-06-30T11:56:07","guid":{"rendered":"https:\/\/www.egemtv.com\/?p=38916"},"modified":"2025-06-30T14:56:12","modified_gmt":"2025-06-30T11:56:12","slug":"mugla-sitki-kocman-universitesi-bilim-iletisim-ofisi-acildi","status":"publish","type":"post","link":"https:\/\/www.egemtv.com\/?p=38916","title":{"rendered":"Mu\u011fla S\u0131tk\u0131 Ko\u00e7man \u00dcniversitesi Bilim \u0130leti\u015fim Ofisi a\u00e7\u0131ld\u0131"},"content":{"rendered":"<p>Mu\u011fla S\u0131tk\u0131 Ko\u00e7man \u00dcniversitesi, \u00fcniversitede \u00fcretilen bilgiyi sadele\u015ftirerek \u015fehir hayat\u0131na ta\u015f\u0131mak amac\u0131yla kurdu\u011fu Bilim \u0130leti\u015fimi Ofisi (B\u0130O) ile yeni bir d\u00f6nemin kap\u0131lar\u0131n\u0131 aralad\u0131. MSK\u00dc Bas\u0131n ve Halkla \u0130li\u015fkiler M\u00fcd\u00fcrl\u00fc\u011f\u00fc b\u00fcnyesinde kurulan B\u0130O, \u015fehirle i\u00e7 i\u00e7e bir konumda yer alan Arasta \u00c7ar\u015f\u0131s\u0131\u2019ndaki Bilim ve Sanat Evi\u2019nde faaliyet g\u00f6sterecek. Bu vizyonun somut bir ad\u0131m\u0131 olarak d\u00fczenlenen a\u00e7\u0131l\u0131\u015f t\u00f6reni, geni\u015f bir kat\u0131l\u0131mla ger\u00e7ekle\u015ftirildi.<br \/>\n<br \/>Mu\u011fla Milletvekili Kadem Mete, MSK\u00dc Rekt\u00f6r\u00fc Prof. Dr. Turhan Ka\u00e7ar, Bilim ve Sanat Evi\u2019ni MSK\u00dc\u2019ye ba\u011f\u0131\u015flayan aileyi temsilen Sevin\u00e7 G\u00fcnizi, Mu\u011fla il protokol\u00fc, akademisyenler ve vatanda\u015flar\u0131n kat\u0131l\u0131m\u0131yla ger\u00e7ekle\u015fen a\u00e7\u0131l\u0131\u015f t\u00f6reninde B\u0130O\u2019nun faaliyetleri hakk\u0131nda bilgi verildi.<br \/>\n<br \/>Rekt\u00f6r Ka\u00e7ar: &#8220;Bilimi toplumla bulu\u015fturmak \u00f6nceli\u011fimiz&#8221;<br \/>\n<br \/>Rekt\u00f6r Prof. Dr. Turhan Ka\u00e7ar, \u00fcniversitelerin yaln\u0131zca bilgi \u00fcreten de\u011fil, ayn\u0131 zamanda ya\u015fad\u0131\u011f\u0131 kente de\u011fer katan kurumlar olmas\u0131 gerekti\u011fini vurgulad\u0131. \u00dcniversitenin bilimsel birikimini kamp\u00fcs s\u0131n\u0131rlar\u0131n\u0131n d\u0131\u015f\u0131na ta\u015f\u0131ma hedefiyle kurulan Bilim \u0130leti\u015fimi Ofisi\u2019nin bu vizyonun somut bir ad\u0131m\u0131 oldu\u011funu belirten Rekt\u00f6r Ka\u00e7ar, &#8220;Bilim sadece laboratuvarlarda, k\u00fct\u00fcphanelerde veya s\u0131n\u0131flarda ye\u015fermez. Merakla, soruyla, birlikte d\u00fc\u015f\u00fcnmeyle her yerde do\u011fabilir. Bu nedenle biz, bilimi toplumla bulu\u015fturacak yollar geli\u015ftirmeyi bir sorumluluktan \u00f6te, bir \u00f6ncelik olarak g\u00f6r\u00fcyoruz&#8221; dedi.<br \/>\n<br \/>MSK\u00dc\u2019n\u00fcn Mu\u011fla\u2019n\u0131n sosyal, k\u00fclt\u00fcrel hayat\u0131na katk\u0131 sunma arzusunu ta\u015f\u0131d\u0131\u011f\u0131n\u0131 belirten Rekt\u00f6r Ka\u00e7ar, \u015fehir merkezinde kurulan Bilim \u0130leti\u015fimi Ofisi sayesinde \u00fcniversiteden y\u00fckselen sesin yaln\u0131zca akademiye de\u011fil, do\u011frudan kente ula\u015faca\u011f\u0131n\u0131 ifade etti. \u00dcniversitenin ulusal ve evrensel d\u00fczeyde k\u00fclt\u00fcre katk\u0131 yapan bir kurum olmas\u0131n\u0131n yan\u0131 s\u0131ra, Mu\u011fla\u2019n\u0131n ya\u015fayan bir payda\u015f\u0131 olarak hareket etti\u011fini de s\u00f6zlerine ekledi.<br \/>\n<br \/>\u0130lk Bilim Kafe etkinli\u011fi: Ya\u015fl\u0131lara y\u00f6nelik ayr\u0131mc\u0131l\u0131k<br \/>\n<br \/>Konu\u015fmalar\u0131n ard\u0131ndan kesilen kurdele ile Bilim \u0130leti\u015fimi Ofisi kap\u0131lar\u0131n\u0131 topluma a\u00e7t\u0131. Ayn\u0131 zamanda MSK\u00dc B\u0130O\u2019nun a\u00e7\u0131l\u0131\u015f t\u00f6reni, bilimin toplumsal sorunlarla nas\u0131l bulu\u015fabilece\u011fini g\u00f6steren bir i\u00e7erikle ta\u00e7land\u0131. MSK\u00dc B\u0130O\u2019nun ilk Bilim Kafe etkinli\u011finde, toplumda s\u0131k\u00e7a kar\u015f\u0131la\u015f\u0131lan ancak yeterince konu\u015fulmayan bir konu ele al\u0131nd\u0131.<br \/>\n<br \/>Moderat\u00f6rl\u00fc\u011f\u00fcn\u00fc Do\u00e7. Dr. Yasemin \u00d6zdem Y\u0131lmaz\u2019\u0131n \u00fcstlendi\u011fi &#8220;Ya\u015fl\u0131lara Y\u00f6nelik Ayr\u0131mc\u0131l\u0131\u011f\u0131 Anlamak ve \u00d6nlemek: Bilimsel Bir Yakla\u015f\u0131m&#8221; ba\u015fl\u0131kl\u0131 Bilim kafe etkinli\u011finde ya\u015fl\u0131l\u0131k ve etik \u00e7al\u0131\u015fmalar\u0131yla tan\u0131nan Prof. Dr. M\u00fcesser \u00d6zcan konu\u015fmac\u0131 olarak yer ald\u0131.  Kat\u0131l\u0131mc\u0131lar\u0131n sorular\u0131 ve katk\u0131lar\u0131yla interaktif bir yap\u0131da ger\u00e7ekle\u015fen etkinlikte, akademik bilgi ile toplumsal deneyim bir araya geldi<br \/>\n<br \/>Bilim \u0130leti\u015fimi Ofisi nedir?<br \/>\n<br \/>Mu\u011fla S\u0131tk\u0131 Ko\u00e7man \u00dcniversitesi Bilim \u0130leti\u015fimi Ofisi (MSK\u00dc B\u0130O), bilimi herkesin anlayabilece\u011fi bir dille anlatmak ve toplumla bilim aras\u0131nda samimi bir k\u00f6pr\u00fc kurmak amac\u0131yla kuruldu. \u00dcniversitede \u00fcretilen bilgiyi sadele\u015ftirerek \u015fehir hayat\u0131na ta\u015f\u0131may\u0131 hedefleyen B\u0130O; s\u00f6yle\u015filerden at\u00f6lyelere, dijital i\u00e7eriklerden interaktif bulu\u015fmalara uzanan etkinliklerle bilimi ya\u015fam\u0131n i\u00e7ine ta\u015f\u0131yacak. Etkinlikler yaln\u0131zca kamp\u00fcs i\u00e7inde de\u011fil; Bilim ve Sanat Evi ba\u015fta olmak \u00fczere pazar yerlerinde, kafelerde, meydanlarda yani halk\u0131n ya\u015fad\u0131\u011f\u0131 her alanda d\u00fczenlenecek. MSK\u00dc B\u0130O, hem vatanda\u015flar\u0131n talep etti\u011fi konularda hem de MSK\u00dc\u2019l\u00fc akademisyenlerin konu\u015fmac\u0131 olarak katk\u0131 sunmak istedikleri ba\u015fl\u0131klarda Bilim Kafe etkinlikleri d\u00fczenleyerek, toplumla bilimi bulu\u015fturmay\u0131 s\u00fcrd\u00fcrecek.<br \/><\/p>\n","protected":false},"excerpt":{"rendered":"<p>Mu\u011fla S\u0131tk\u0131 Ko\u00e7man \u00dcniversitesi, \u00fcniversitede \u00fcretilen bilgiyi sadele\u015ftirerek \u015fehir hayat\u0131na ta\u015f\u0131mak amac\u0131yla kurdu\u011fu Bilim \u0130leti\u015fimi Ofisi (B\u0130O) ile yeni bir d\u00f6nemin kap\u0131lar\u0131n\u0131 aralad\u0131. MSK\u00dc Bas\u0131n ve Halkla \u0130li\u015fkiler M\u00fcd\u00fcrl\u00fc\u011f\u00fc b\u00fcnyesinde kurulan B\u0130O, \u015fehirle i\u00e7 i\u00e7e bir konumda yer alan Arasta \u00c7ar\u015f\u0131s\u0131\u2019ndaki Bilim ve Sanat Evi\u2019nde faaliyet g\u00f6sterecek. Bu vizyonun somut bir ad\u0131m\u0131 olarak d\u00fczenlenen a\u00e7\u0131l\u0131\u015f&#8230;<\/p>\n","protected":false},"author":1,"featured_media":38917,"comment_status":"open","ping_status":"open","sticky":false,"template":"","format":"standard","meta":{"_crdt_document":"","footnotes":""},"categories":[1],"tags":[],"class_list":["post-38916","post","type-post","status-publish","format-standard","has-post-thumbnail","hentry","category-guncel"],"_links":{"self":[{"href":"https:\/\/www.egemtv.com\/index.php?rest_route=\/wp\/v2\/posts\/38916","targetHints":{"allow":["GET"]}}],"collection":[{"href":"https:\/\/www.egemtv.com\/index.php?rest_route=\/wp\/v2\/posts"}],"about":[{"href":"https:\/\/www.egemtv.com\/index.php?rest_route=\/wp\/v2\/types\/post"}],"author":[{"embeddable":true,"href":"https:\/\/www.egemtv.com\/index.php?rest_route=\/wp\/v2\/users\/1"}],"replies":[{"embeddable":true,"href":"https:\/\/www.egemtv.com\/index.php?rest_route=%2Fwp%2Fv2%2Fcomments&post=38916"}],"version-history":[{"count":1,"href":"https:\/\/www.egemtv.com\/index.php?rest_route=\/wp\/v2\/posts\/38916\/revisions"}],"predecessor-version":[{"id":38918,"href":"https:\/\/www.egemtv.com\/index.php?rest_route=\/wp\/v2\/posts\/38916\/revisions\/38918"}],"wp:featuredmedia":[{"embeddable":true,"href":"https:\/\/www.egemtv.com\/index.php?rest_route=\/wp\/v2\/media\/38917"}],"wp:attachment":[{"href":"https:\/\/www.egemtv.com\/index.php?rest_route=%2Fwp%2Fv2%2Fmedia&parent=38916"}],"wp:term":[{"taxonomy":"category","embeddable":true,"href":"https:\/\/www.egemtv.com\/index.php?rest_route=%2Fwp%2Fv2%2Fcategories&post=38916"},{"taxonomy":"post_tag","embeddable":true,"href":"https:\/\/www.egemtv.com\/index.php?rest_route=%2Fwp%2Fv2%2Ftags&post=38916"}],"curies":[{"name":"wp","href":"https:\/\/api.w.org\/{rel}","templated":true}]}}