{"id":38913,"date":"2025-06-30T14:56:03","date_gmt":"2025-06-30T11:56:03","guid":{"rendered":"https:\/\/www.egemtv.com\/?p=38913"},"modified":"2025-06-30T14:56:07","modified_gmt":"2025-06-30T11:56:07","slug":"zirai-alanda-baslayan-yangin-ormana-sicradi","status":"publish","type":"post","link":"https:\/\/www.egemtv.com\/?p=38913","title":{"rendered":"Zirai alanda ba\u015flayan yang\u0131n ormana s\u0131\u00e7rad\u0131"},"content":{"rendered":"<p>Ayd\u0131n\u2019\u0131n Sultanhisar il\u00e7esinde zirai alanda ba\u015flayan ve ormanl\u0131k alana s\u0131\u00e7rayan yang\u0131na havadan ve karadan m\u00fcdahale s\u00fcr\u00fcyor.<\/p>\n<p>Yang\u0131n, Sultanhisar il\u00e7esi Kabaca Mahallesi Yarendedemevkiinde meydana geldi. Edinilen bilgiye g\u00f6re hen\u00fcz bilinmeyen bir nedenle zirai alanda yang\u0131n \u00e7\u0131kt\u0131. K\u0131sa s\u00fcrede b\u00fcy\u00fcyen yang\u0131n ormanl\u0131k alana s\u0131\u00e7rad\u0131. \u0130hbar \u00fczerine b\u00f6lgeye \u00e7ok say\u0131da itfaiye ve orman ekibi sevk edildi. K\u0131sa s\u00fcrede b\u00f6lgeye gelen ekipler yang\u0131na m\u00fcdahale ederken, 2 u\u00e7ak ve 4 helikopter de s\u00f6nd\u00fcrme \u00e7al\u0131\u015fmalar\u0131na havadan destek verdi. Yang\u0131n\u0131n kontrol alt\u0131na al\u0131nmas\u0131 i\u00e7in b\u00f6lgede \u00e7al\u0131\u015fmalar s\u00fcr\u00fcyor.<br \/><\/p>\n","protected":false},"excerpt":{"rendered":"<p>Ayd\u0131n\u2019\u0131n Sultanhisar il\u00e7esinde zirai alanda ba\u015flayan ve ormanl\u0131k alana s\u0131\u00e7rayan yang\u0131na havadan ve karadan m\u00fcdahale s\u00fcr\u00fcyor. Yang\u0131n, Sultanhisar il\u00e7esi Kabaca Mahallesi Yarendedemevkiinde meydana geldi. Edinilen bilgiye g\u00f6re hen\u00fcz bilinmeyen bir nedenle zirai alanda yang\u0131n \u00e7\u0131kt\u0131. K\u0131sa s\u00fcrede b\u00fcy\u00fcyen yang\u0131n ormanl\u0131k alana s\u0131\u00e7rad\u0131. \u0130hbar \u00fczerine b\u00f6lgeye \u00e7ok say\u0131da itfaiye ve orman ekibi sevk edildi. K\u0131sa s\u00fcrede&#8230;<\/p>\n","protected":false},"author":1,"featured_media":38914,"comment_status":"open","ping_status":"open","sticky":false,"template":"","format":"standard","meta":{"_crdt_document":"","footnotes":""},"categories":[5],"tags":[],"class_list":["post-38913","post","type-post","status-publish","format-standard","has-post-thumbnail","hentry","category-asayis"],"_links":{"self":[{"href":"https:\/\/www.egemtv.com\/index.php?rest_route=\/wp\/v2\/posts\/38913","targetHints":{"allow":["GET"]}}],"collection":[{"href":"https:\/\/www.egemtv.com\/index.php?rest_route=\/wp\/v2\/posts"}],"about":[{"href":"https:\/\/www.egemtv.com\/index.php?rest_route=\/wp\/v2\/types\/post"}],"author":[{"embeddable":true,"href":"https:\/\/www.egemtv.com\/index.php?rest_route=\/wp\/v2\/users\/1"}],"replies":[{"embeddable":true,"href":"https:\/\/www.egemtv.com\/index.php?rest_route=%2Fwp%2Fv2%2Fcomments&post=38913"}],"version-history":[{"count":1,"href":"https:\/\/www.egemtv.com\/index.php?rest_route=\/wp\/v2\/posts\/38913\/revisions"}],"predecessor-version":[{"id":38915,"href":"https:\/\/www.egemtv.com\/index.php?rest_route=\/wp\/v2\/posts\/38913\/revisions\/38915"}],"wp:featuredmedia":[{"embeddable":true,"href":"https:\/\/www.egemtv.com\/index.php?rest_route=\/wp\/v2\/media\/38914"}],"wp:attachment":[{"href":"https:\/\/www.egemtv.com\/index.php?rest_route=%2Fwp%2Fv2%2Fmedia&parent=38913"}],"wp:term":[{"taxonomy":"category","embeddable":true,"href":"https:\/\/www.egemtv.com\/index.php?rest_route=%2Fwp%2Fv2%2Fcategories&post=38913"},{"taxonomy":"post_tag","embeddable":true,"href":"https:\/\/www.egemtv.com\/index.php?rest_route=%2Fwp%2Fv2%2Ftags&post=38913"}],"curies":[{"name":"wp","href":"https:\/\/api.w.org\/{rel}","templated":true}]}}