{"id":38910,"date":"2025-06-30T14:55:58","date_gmt":"2025-06-30T11:55:58","guid":{"rendered":"https:\/\/www.egemtv.com\/?p=38910"},"modified":"2025-06-30T14:56:03","modified_gmt":"2025-06-30T11:56:03","slug":"saglik-ordusuna-170-yeni-mezun","status":"publish","type":"post","link":"https:\/\/www.egemtv.com\/?p=38910","title":{"rendered":"Sa\u011fl\u0131k ordusuna 170 yeni mezun"},"content":{"rendered":"<p>Mu\u011fla S\u0131tk\u0131 Ko\u00e7man \u00dcniversitesi (MSK\u00dc) T\u0131p Fak\u00fcltesi, 2024-2025 E\u011fitim \u00d6\u011fretim Y\u0131l\u0131 kapsam\u0131nda Mezuniyet T\u00f6reni 26 Haziran Per\u015fembe g\u00fcn\u00fc Atat\u00fcrk K\u00fclt\u00fcr Merkezi\u2019nde yap\u0131ld\u0131.<br \/>\n<br \/>T\u00f6rene Cumhuriyet Ba\u015fsavc\u0131s\u0131 O\u011fuzhan D\u00f6nmez, MSK\u00dc Rekt\u00f6r\u00fc Prof. Dr. Turhan Ka\u00e7ar, Rekt\u00f6r Yard\u0131mc\u0131lar\u0131 Prof. Dr. Deniz \u00dclgen ve Mustafa G\u00f6k\u00e7e, Kavakl\u0131dere Belediye Ba\u015fkan\u0131 Mehmet Demir, T\u0131p Fak\u00fcltesi Dekan\u0131 Prof. Dr. S\u00fcleyman C\u00fcneyt Karaku\u015f, \u0130l Sa\u011fl\u0131k M\u00fcd\u00fcr Vekili Uzm. Dr. Mustafa Kule, Mu\u011fla E\u011fitim ve Ara\u015ft\u0131rma Hastanesi Ba\u015fhekimi Prof. Dr. Turhan Togan, S\u0131tk\u0131 Ko\u00e7man Vakf\u0131 Ba\u015fkan Vekili Mustafa Acar, Mente\u015fe Devlet Hastanesi Ba\u015fhekimi Op. Dr. \u015eadi Ball\u0131, siyasi parti temsilcileri, STK temsilcileri ve \u00f6\u011frencilerin aileleri kat\u0131ld\u0131.<br \/>\n<br \/>A\u00e7\u0131l\u0131\u015f konu\u015fmalar\u0131yla devam eden programda, T\u00fcrk\u00e7e T\u0131p ve \u0130ngilizce T\u0131p Program\u0131nda d\u00f6nem birincisi olan \u00f6\u011frenciler konu\u015fma yaparak, e\u011fitimlerinde eme\u011fi ge\u00e7en hocalar\u0131na ve ailelerine te\u015fekk\u00fcr etti. Gelece\u011fin hekimlerini tebrik eden MSK\u00dc Rekt\u00f6r\u00fc Prof. Dr. Turhan Ka\u00e7ar, &#8220;Sa\u011fl\u0131k alan\u0131nda bilimsel geli\u015fmelere a\u00e7\u0131k, \u00e7a\u011fda\u015f de\u011ferlere ba\u011fl\u0131 bireyler olman\u0131z\u0131 ve kendinizi her daim geli\u015ftirmenizi temenni ediyorum. Bundan sonraki hayat\u0131n\u0131zda sab\u0131r, ho\u015fg\u00f6r\u00fc, \u015fefkat ve insan sevgisi ile ya\u015faman\u0131n \u00f6nemine temas isterim. \u00dcniversitenin kap\u0131lar\u0131 sizlere her daim a\u00e7\u0131k. Yolunuz a\u00e7\u0131k olsun&#8221; diye konu\u015ftu.<br \/>\n<br \/>MSK\u00dc T\u0131p Fak\u00fcltesi Dekan\u0131 Prof. Dr. S\u00fcleyman C\u00fcneyt Karaku\u015f ise yapt\u0131\u011f\u0131 konu\u015fmada, mezun olan \u00f6\u011frencilere meslek hayatlar\u0131nda ba\u015far\u0131 olman\u0131n s\u0131rr\u0131n\u0131 \u00e7al\u0131\u015fmak, mesle\u011fini sevmek ve d\u00fcr\u00fcst olmaktan ge\u00e7ti\u011fini hat\u0131rlatt\u0131. Karaku\u015f, &#8220;Size g\u00fcle g\u00fcle demiyoruz, aram\u0131za ho\u015f geldiniz diyoruz&#8221; dedi.<br \/>\n<br \/>Konu\u015fmalar\u0131n ard\u0131ndan d\u00f6nem birincisi olan \u00f6\u011frencilere ba\u015far\u0131 belgesi verildi. Akabinde mezuniyet k\u00fct\u00fc\u011f\u00fcne plaket \u00e7ak\u0131ld\u0131. Protokol \u00fcyeleri taraf\u0131ndan mezun olan \u00f6\u011frencilere diplomalar\u0131 takdim edilmesinden sonra MSK\u00dc T\u0131p Fak\u00fcltesi Dekan\u0131 Prof. Dr. S\u00fcleyman C\u00fcneyt Karaku\u015f \u00f6nderli\u011finde \u00f6\u011frenciler Hekimlik Yemini etti.<br \/>\n<br \/>T\u00fcrk\u00e7e T\u0131p Program\u0131ndan 140 \u00f6\u011frenci, \u0130ngilizce T\u0131p Program\u0131ndan ise 30 olmak \u00fczere toplam 170 \u00f6\u011frenci mesleki ya\u015famlar\u0131na u\u011furland\u0131.<br \/><\/p>\n","protected":false},"excerpt":{"rendered":"<p>Mu\u011fla S\u0131tk\u0131 Ko\u00e7man \u00dcniversitesi (MSK\u00dc) T\u0131p Fak\u00fcltesi, 2024-2025 E\u011fitim \u00d6\u011fretim Y\u0131l\u0131 kapsam\u0131nda Mezuniyet T\u00f6reni 26 Haziran Per\u015fembe g\u00fcn\u00fc Atat\u00fcrk K\u00fclt\u00fcr Merkezi\u2019nde yap\u0131ld\u0131. T\u00f6rene Cumhuriyet Ba\u015fsavc\u0131s\u0131 O\u011fuzhan D\u00f6nmez, MSK\u00dc Rekt\u00f6r\u00fc Prof. Dr. Turhan Ka\u00e7ar, Rekt\u00f6r Yard\u0131mc\u0131lar\u0131 Prof. Dr. Deniz \u00dclgen ve Mustafa G\u00f6k\u00e7e, Kavakl\u0131dere Belediye Ba\u015fkan\u0131 Mehmet Demir, T\u0131p Fak\u00fcltesi Dekan\u0131 Prof. Dr. S\u00fcleyman C\u00fcneyt Karaku\u015f,&#8230;<\/p>\n","protected":false},"author":1,"featured_media":38911,"comment_status":"open","ping_status":"open","sticky":false,"template":"","format":"standard","meta":{"_crdt_document":"","footnotes":""},"categories":[2],"tags":[],"class_list":["post-38910","post","type-post","status-publish","format-standard","has-post-thumbnail","hentry","category-saglik"],"_links":{"self":[{"href":"https:\/\/www.egemtv.com\/index.php?rest_route=\/wp\/v2\/posts\/38910","targetHints":{"allow":["GET"]}}],"collection":[{"href":"https:\/\/www.egemtv.com\/index.php?rest_route=\/wp\/v2\/posts"}],"about":[{"href":"https:\/\/www.egemtv.com\/index.php?rest_route=\/wp\/v2\/types\/post"}],"author":[{"embeddable":true,"href":"https:\/\/www.egemtv.com\/index.php?rest_route=\/wp\/v2\/users\/1"}],"replies":[{"embeddable":true,"href":"https:\/\/www.egemtv.com\/index.php?rest_route=%2Fwp%2Fv2%2Fcomments&post=38910"}],"version-history":[{"count":1,"href":"https:\/\/www.egemtv.com\/index.php?rest_route=\/wp\/v2\/posts\/38910\/revisions"}],"predecessor-version":[{"id":38912,"href":"https:\/\/www.egemtv.com\/index.php?rest_route=\/wp\/v2\/posts\/38910\/revisions\/38912"}],"wp:featuredmedia":[{"embeddable":true,"href":"https:\/\/www.egemtv.com\/index.php?rest_route=\/wp\/v2\/media\/38911"}],"wp:attachment":[{"href":"https:\/\/www.egemtv.com\/index.php?rest_route=%2Fwp%2Fv2%2Fmedia&parent=38910"}],"wp:term":[{"taxonomy":"category","embeddable":true,"href":"https:\/\/www.egemtv.com\/index.php?rest_route=%2Fwp%2Fv2%2Fcategories&post=38910"},{"taxonomy":"post_tag","embeddable":true,"href":"https:\/\/www.egemtv.com\/index.php?rest_route=%2Fwp%2Fv2%2Ftags&post=38910"}],"curies":[{"name":"wp","href":"https:\/\/api.w.org\/{rel}","templated":true}]}}