{"id":38907,"date":"2025-06-30T14:16:18","date_gmt":"2025-06-30T11:16:18","guid":{"rendered":"https:\/\/www.egemtv.com\/?p=38907"},"modified":"2025-06-30T14:16:22","modified_gmt":"2025-06-30T11:16:22","slug":"yarislar-kenti-magnesiada-tarihi-koy-pazari-hazirligi","status":"publish","type":"post","link":"https:\/\/www.egemtv.com\/?p=38907","title":{"rendered":"Yar\u0131\u015flar Kenti Magnesia\u2019da Tarihi K\u00f6y Pazar\u0131 haz\u0131rl\u0131\u011f\u0131"},"content":{"rendered":"<p>Yakla\u015f\u0131k 190 metre pistiyle g\u00fcn\u00fcm\u00fcze kadar gelen en b\u00fcy\u00fck stadyumu ile dikkat \u00e7eken ve \u2019Yar\u0131\u015flar Kenti\u2019 olarak bilinen Magnesia Antik Kenti\u2019ne dikkat \u00e7ekmek ve il\u00e7e turizmine katk\u0131da bulunmak amac\u0131yla faaliyete ge\u00e7irilecek olan Tarihi K\u00f6y Pazar\u0131 i\u00e7in haz\u0131rl\u0131klar s\u00fcr\u00fcyor.<\/p>\n<p>Ayd\u0131n\u2019\u0131n Germencik il\u00e7esinde bulunan ve \u2019Yar\u0131\u015flar Kenti\u2019 olarak bilinen Magnesia Antik Kenti, Germencik Belediyesi\u2019nin yeni projesiyle hem b\u00f6lge halk\u0131n\u0131n ekonomisine hem de turizme can katacak. Germencik Belediye Ba\u015fkan\u0131 Burak Zencirci \u00f6nc\u00fcl\u00fc\u011f\u00fcnde faaliyete ge\u00e7mesi planlanan Magnesia Tarihi K\u00f6y Pazar\u0131 i\u00e7in haz\u0131rl\u0131klar s\u00fcrerken, Ba\u015fkan Zencirci Tekin Mahallesi halk\u0131 ile bir araya geldi. Magnesia Antik Kenti\u2019nde ger\u00e7ekle\u015ftirilen toplant\u0131da pazara ili\u015fkin planlamalar\u0131 de\u011ferlendirerek g\u00f6r\u00fc\u015fmeler ger\u00e7ekle\u015ftirildi. Kurulacak k\u00f6y pazar\u0131n\u0131n hem b\u00f6lge halk\u0131n\u0131n ekonomisine katk\u0131 sa\u011flanmas\u0131 hem de il\u00e7enin turizm potansiyelinin art\u0131rmas\u0131 hedeflenirken, toplant\u0131da kar\u015f\u0131l\u0131kl\u0131 fikir al\u0131\u015fveri\u015finde de bulunulurken, Ba\u015fkan Zencirci, pazar stantlar\u0131n\u0131 da gezerek yerinde inceledi.<\/p>\n<p>Germencik\u2019in turizm potansiyelini art\u0131rmak i\u00e7in \u00e7al\u0131\u015fmalar\u0131na devam edeceklerini vurgulayan Ba\u015fkan Zencirci; &#8220;Tekin Muhtar\u0131m\u0131z H\u00fcsniye Ad\u0131g\u00fczel ve Tekin Mahallesi halk\u0131m\u0131zla birlikte Magnesia Antik Kenti\u2019mizde bulu\u015ftuk. Faaliyete ba\u015flayacak olan Magnesia Tarihi K\u00f6y Pazar\u0131m\u0131zla ilgili planlamam\u0131z\u0131 yapt\u0131k, g\u00f6r\u00fc\u015fmelerimizi ger\u00e7ekle\u015ftirdik. Gerek halk\u0131m\u0131za ekonomik katk\u0131da bulunmak gerekse il\u00e7emiz turizmine katk\u0131da bulunmak i\u00e7in bu gibi proje \u00e7al\u0131\u015fmalar\u0131m\u0131za devam edece\u011fiz. Hay\u0131rl\u0131 ve u\u011furlu olsun&#8221; dedi.<br \/><\/p>\n","protected":false},"excerpt":{"rendered":"<p>Yakla\u015f\u0131k 190 metre pistiyle g\u00fcn\u00fcm\u00fcze kadar gelen en b\u00fcy\u00fck stadyumu ile dikkat \u00e7eken ve \u2019Yar\u0131\u015flar Kenti\u2019 olarak bilinen Magnesia Antik Kenti\u2019ne dikkat \u00e7ekmek ve il\u00e7e turizmine katk\u0131da bulunmak amac\u0131yla faaliyete ge\u00e7irilecek olan Tarihi K\u00f6y Pazar\u0131 i\u00e7in haz\u0131rl\u0131klar s\u00fcr\u00fcyor. Ayd\u0131n\u2019\u0131n Germencik il\u00e7esinde bulunan ve \u2019Yar\u0131\u015flar Kenti\u2019 olarak bilinen Magnesia Antik Kenti, Germencik Belediyesi\u2019nin yeni projesiyle hem&#8230;<\/p>\n","protected":false},"author":1,"featured_media":38908,"comment_status":"open","ping_status":"open","sticky":false,"template":"","format":"standard","meta":{"_crdt_document":"","footnotes":""},"categories":[1],"tags":[],"class_list":["post-38907","post","type-post","status-publish","format-standard","has-post-thumbnail","hentry","category-guncel"],"_links":{"self":[{"href":"https:\/\/www.egemtv.com\/index.php?rest_route=\/wp\/v2\/posts\/38907","targetHints":{"allow":["GET"]}}],"collection":[{"href":"https:\/\/www.egemtv.com\/index.php?rest_route=\/wp\/v2\/posts"}],"about":[{"href":"https:\/\/www.egemtv.com\/index.php?rest_route=\/wp\/v2\/types\/post"}],"author":[{"embeddable":true,"href":"https:\/\/www.egemtv.com\/index.php?rest_route=\/wp\/v2\/users\/1"}],"replies":[{"embeddable":true,"href":"https:\/\/www.egemtv.com\/index.php?rest_route=%2Fwp%2Fv2%2Fcomments&post=38907"}],"version-history":[{"count":1,"href":"https:\/\/www.egemtv.com\/index.php?rest_route=\/wp\/v2\/posts\/38907\/revisions"}],"predecessor-version":[{"id":38909,"href":"https:\/\/www.egemtv.com\/index.php?rest_route=\/wp\/v2\/posts\/38907\/revisions\/38909"}],"wp:featuredmedia":[{"embeddable":true,"href":"https:\/\/www.egemtv.com\/index.php?rest_route=\/wp\/v2\/media\/38908"}],"wp:attachment":[{"href":"https:\/\/www.egemtv.com\/index.php?rest_route=%2Fwp%2Fv2%2Fmedia&parent=38907"}],"wp:term":[{"taxonomy":"category","embeddable":true,"href":"https:\/\/www.egemtv.com\/index.php?rest_route=%2Fwp%2Fv2%2Fcategories&post=38907"},{"taxonomy":"post_tag","embeddable":true,"href":"https:\/\/www.egemtv.com\/index.php?rest_route=%2Fwp%2Fv2%2Ftags&post=38907"}],"curies":[{"name":"wp","href":"https:\/\/api.w.org\/{rel}","templated":true}]}}