{"id":38853,"date":"2025-06-30T12:16:38","date_gmt":"2025-06-30T09:16:38","guid":{"rendered":"https:\/\/www.egemtv.com\/?p=38853"},"modified":"2025-06-30T12:16:44","modified_gmt":"2025-06-30T09:16:44","slug":"dolandiricilarin-yontemi-yillarin-avukatini-bile-sasirtti","status":"publish","type":"post","link":"https:\/\/www.egemtv.com\/?p=38853","title":{"rendered":"Doland\u0131r\u0131c\u0131lar\u0131n y\u00f6ntemi y\u0131llar\u0131n avukat\u0131n\u0131 bile \u015fa\u015f\u0131rtt\u0131"},"content":{"rendered":"<p>Afyonkarahisar\u2019da g\u00f6rev yapan avukat, kendi foto\u011fraf\u0131 kullan\u0131larak ba\u015fka bir isim ile yap\u0131lan sahte avukatl\u0131k kimli\u011fi ile doland\u0131r\u0131c\u0131l\u0131k yap\u0131ld\u0131\u011f\u0131n\u0131 fark edince savc\u0131l\u0131\u011fa su\u00e7 duyurusunda bulundu.<br \/>\n<br \/>Afyonkarahisar Barosu\u2019na ba\u011fl\u0131 olarak kentte uzun y\u0131llard\u0131r avukatl\u0131k yapan Emre Sagun, ge\u00e7ti\u011fimiz g\u00fcnlerde s\u0131n\u0131f arkada\u015flar\u0131 ve tan\u0131mad\u0131\u011f\u0131 ki\u015filerin sosyal medya \u00fczerinden kendisine ula\u015ft\u0131rd\u0131klar\u0131 kimlik ile adeta \u015fok oldu. Doland\u0131r\u0131c\u0131lar\u0131n kendi foto\u011fraf\u0131n\u0131 kullanarak Ahmet Hakan Y. isimli \u0130stanbul Barosu kimli\u011fi yapt\u0131klar\u0131n\u0131 ve bununla da \u2018uzla\u015ft\u0131rma, dava dosya \u00fccreti\u2019 gibi ba\u015fl\u0131klar alt\u0131nda tuza\u011fa d\u00fc\u015f\u00fcrd\u00fckleri vatanda\u015flardan para ald\u0131klar\u0131n\u0131 fark eden Sagun solu\u011fu savc\u0131l\u0131kta ald\u0131. Sagun kimli\u011fi kullanarak doland\u0131r\u0131c\u0131l\u0131k yapan \u015fah\u0131slar\u0131n kulland\u0131klar\u0131 numaralar\u0131 savc\u0131l\u0131\u011fa verip haklar\u0131nda \u015fikayet\u00e7i oldu.<br \/>\n<br \/>Ya\u015fanan olay\u0131n ard\u0131ndan \u0130hlas Haber Ajans\u0131 (\u0130HA) muhabirine a\u00e7\u0131klamalarda bulunan Sagun, gerek hukuk\u00e7u arkada\u015flar\u0131n\u0131n gerekse de vatanda\u015flar\u0131n bu t\u00fcr olaylara kar\u015f\u0131 \u00e7ok dikkatli olmalar\u0131n\u0131 istedi.<\/p>\n<p>&#8220;Avukatl\u0131k ad\u0131 alt\u0131nda benim foto\u011fraf\u0131m\u0131 kullanarak yapt\u0131klar\u0131 sahte kimli\u011fi payla\u015fm\u0131\u015flar&#8221;<br \/>\n<br \/>Avukat Emre Sagun, kimlik kart\u0131n\u0131 g\u00f6r\u00fcnce \u00f6nce \u015fa\u015f\u0131rd\u0131\u011f\u0131n\u0131 ard\u0131ndan hemen gerekli mercilere \u015fikayetlerini yapt\u0131\u011f\u0131n\u0131 ifade ederek, &#8220;S\u0131n\u0131f arkada\u015flar\u0131m ve di\u011fer m\u00fcvekkillerimizden videolar ve benim foto\u011fraf\u0131m\u0131n bulundu\u011fu kimlik kart\u0131n\u0131n foto\u011fraflar\u0131 geldi. Baz\u0131 insanlar sizlere sosyal medya hesaplar\u0131ndan mesajlar at\u0131yorlar. Bu mesajlar genelde \u2018tan\u0131\u015fal\u0131m m\u0131, konu\u015fal\u0131m m\u0131?\u2019 \u015feklinde oluyor. Daha sonras\u0131nda ise g\u00f6r\u00fc\u015fme WhatsApp \u00fczerinden devam ediyor. Sizlerden uygunsuz foto\u011fraflar al\u0131p sonras\u0131nda ise \u00f6zellikle yak\u0131n \u00e7evrenizdeki ki\u015filer ile bu foto\u011fraflar\u0131 payla\u015fmakla ya da uygunsuz i\u00e7erikleri savc\u0131l\u0131\u011fa bildirip uzla\u015fma ad\u0131 alt\u0131nda para talep ediyorlar. Siz de bu durumlardan korktu\u011funuz i\u00e7in \u015fah\u0131slara para veriyorsunuz. Bunu yapabilmek i\u00e7inde avukatl\u0131k ad\u0131 alt\u0131nda benim foto\u011fraf\u0131m\u0131 kullanarak yapt\u0131klar\u0131 sahte kimli\u011fi payla\u015fm\u0131\u015flar&#8221; dedi.<\/p>\n<p>&#8220;Vatanda\u015flar cinsel su\u00e7larla tehdit edildiklerinde kesinlikle para yollamas\u0131nlar&#8221;<br \/>\n<br \/>Olayda tamamen bir tehdit ve \u015fantaj\u0131n oldu\u011funu belirten Sagun a\u00e7\u0131klamalar\u0131n\u0131 \u015f\u00f6yle s\u00fcrd\u00fcrd\u00fc:<br \/>\n<br \/>&#8220;Kendileri avukatl\u0131k ad\u0131 alt\u0131nda kimli\u011fi kullan\u0131p, sizden para isteyerek ve foto\u011fraflar\u0131n\u0131z\u0131 payla\u015fmakla tehdit ediyorlar. Avukat arkada\u015flar\u0131m\u0131z\u0131 \u00f6zellikle foto\u011fraflar\u0131n\u0131 internet arama motorlar\u0131nda aratarak kontrol etsinler. Benim ba\u015f\u0131ma gelen sizlerin ba\u015f\u0131na gelmesin. Arkada\u015flar\u0131m\u0131n bana yollad\u0131klar\u0131 sahte baro kimli\u011fine \u00e7ok \u015fa\u015f\u0131rd\u0131m \u00e7\u00fcnk\u00fc kimli\u011fin hologram\u0131na kadar taklit etmi\u015fler yani \u2018pes\u2019 do\u011frusu. Vatanda\u015flar\u0131m\u0131z da \u015funu unutmas\u0131n; cinsel su\u00e7lar uzla\u015ft\u0131rmaya tabi de\u011fildir. Vatanda\u015flar cinsel su\u00e7larla tehdit edildiklerinde kesinlikle para yollamas\u0131nlar. Vatanda\u015flar kendilerinden bu \u015fekilde para istenildi\u011finde avukatlara dan\u0131\u015fs\u0131nlar.&#8221;<br \/><\/p>\n","protected":false},"excerpt":{"rendered":"<p>Afyonkarahisar\u2019da g\u00f6rev yapan avukat, kendi foto\u011fraf\u0131 kullan\u0131larak ba\u015fka bir isim ile yap\u0131lan sahte avukatl\u0131k kimli\u011fi ile doland\u0131r\u0131c\u0131l\u0131k yap\u0131ld\u0131\u011f\u0131n\u0131 fark edince savc\u0131l\u0131\u011fa su\u00e7 duyurusunda bulundu. Afyonkarahisar Barosu\u2019na ba\u011fl\u0131 olarak kentte uzun y\u0131llard\u0131r avukatl\u0131k yapan Emre Sagun, ge\u00e7ti\u011fimiz g\u00fcnlerde s\u0131n\u0131f arkada\u015flar\u0131 ve tan\u0131mad\u0131\u011f\u0131 ki\u015filerin sosyal medya \u00fczerinden kendisine ula\u015ft\u0131rd\u0131klar\u0131 kimlik ile adeta \u015fok oldu. Doland\u0131r\u0131c\u0131lar\u0131n kendi foto\u011fraf\u0131n\u0131&#8230;<\/p>\n","protected":false},"author":1,"featured_media":38854,"comment_status":"open","ping_status":"open","sticky":false,"template":"","format":"standard","meta":{"_crdt_document":"","footnotes":""},"categories":[5],"tags":[],"class_list":["post-38853","post","type-post","status-publish","format-standard","has-post-thumbnail","hentry","category-asayis"],"_links":{"self":[{"href":"https:\/\/www.egemtv.com\/index.php?rest_route=\/wp\/v2\/posts\/38853","targetHints":{"allow":["GET"]}}],"collection":[{"href":"https:\/\/www.egemtv.com\/index.php?rest_route=\/wp\/v2\/posts"}],"about":[{"href":"https:\/\/www.egemtv.com\/index.php?rest_route=\/wp\/v2\/types\/post"}],"author":[{"embeddable":true,"href":"https:\/\/www.egemtv.com\/index.php?rest_route=\/wp\/v2\/users\/1"}],"replies":[{"embeddable":true,"href":"https:\/\/www.egemtv.com\/index.php?rest_route=%2Fwp%2Fv2%2Fcomments&post=38853"}],"version-history":[{"count":1,"href":"https:\/\/www.egemtv.com\/index.php?rest_route=\/wp\/v2\/posts\/38853\/revisions"}],"predecessor-version":[{"id":38855,"href":"https:\/\/www.egemtv.com\/index.php?rest_route=\/wp\/v2\/posts\/38853\/revisions\/38855"}],"wp:featuredmedia":[{"embeddable":true,"href":"https:\/\/www.egemtv.com\/index.php?rest_route=\/wp\/v2\/media\/38854"}],"wp:attachment":[{"href":"https:\/\/www.egemtv.com\/index.php?rest_route=%2Fwp%2Fv2%2Fmedia&parent=38853"}],"wp:term":[{"taxonomy":"category","embeddable":true,"href":"https:\/\/www.egemtv.com\/index.php?rest_route=%2Fwp%2Fv2%2Fcategories&post=38853"},{"taxonomy":"post_tag","embeddable":true,"href":"https:\/\/www.egemtv.com\/index.php?rest_route=%2Fwp%2Fv2%2Ftags&post=38853"}],"curies":[{"name":"wp","href":"https:\/\/api.w.org\/{rel}","templated":true}]}}