{"id":38820,"date":"2025-06-30T10:56:16","date_gmt":"2025-06-30T07:56:16","guid":{"rendered":"https:\/\/www.egemtv.com\/?p=38820"},"modified":"2025-06-30T10:56:20","modified_gmt":"2025-06-30T07:56:20","slug":"mugla-ve-antalya-tarimda-guclerini-birlestiriyor","status":"publish","type":"post","link":"https:\/\/www.egemtv.com\/?p=38820","title":{"rendered":"Mu\u011fla ve Antalya tar\u0131mda g\u00fc\u00e7lerini birle\u015ftiriyor"},"content":{"rendered":"<p>T\u00fcrkiye\u2019nin tar\u0131msal \u00fcretiminde \u00f6nemli yere sahip olan Mu\u011fla ve Antalya, sekt\u00f6rel i\u015f birli\u011fini g\u00fc\u00e7lendirmek amac\u0131yla yeni bir ad\u0131m att\u0131. Mu\u011fla \u0130l Tar\u0131m ve Orman M\u00fcd\u00fcrl\u00fc\u011f\u00fc ile Antalya \u0130l Tar\u0131m ve Orman M\u00fcd\u00fcrl\u00fc\u011f\u00fc aras\u0131nda be\u015f y\u0131l s\u00fcreyle ge\u00e7erli olacak i\u015f birli\u011fi protokol\u00fc imzaland\u0131.<\/p>\n<p>Tar\u0131m\u0131n s\u00fcrd\u00fcr\u00fclebilirli\u011fi, modernizasyonu ve b\u00f6lgesel kalk\u0131nmaya katk\u0131 sa\u011flama hedefiyle haz\u0131rlanan protokol; iki ilin g\u00fc\u00e7l\u00fc y\u00f6nlerini birle\u015ftirerek tar\u0131msal verimlilik ve kaliteyi art\u0131rmay\u0131 ama\u00e7l\u0131yor.<\/p>\n<p>Protokol kapsam\u0131nda y\u00fcr\u00fct\u00fclecek \u00e7al\u0131\u015fmalar \u015fu ba\u015fl\u0131klar alt\u0131nda topland\u0131. \u0130klim de\u011fi\u015fikli\u011fi ve uyum stratejileri, \u00d6rt\u00fc alt\u0131 \u00fcretim sistemlerinin geli\u015ftirilmesi, Tar\u0131msal ihracat ve lojistik i\u015f birlikleri, Tar\u0131m ve turizm entegrasyonu projeleri, E\u011fitim, yay\u0131m \u00e7al\u0131\u015fmalar\u0131 ve ortak AR-GE projeleri yap\u0131lacak ortak faaliyetlerle, her iki ilin mevcut potansiyelinin daha verimli kullan\u0131lmas\u0131, \u00e7ift\u00e7ilerin ve \u00fcreticilerin bilgiyle donat\u0131lmas\u0131 ve iklim krizine kar\u015f\u0131 daha diren\u00e7li tar\u0131m sistemlerinin kurulmas\u0131 hedefleniyor.<br \/>\n<br \/>&#8220;S\u00fcrd\u00fcr\u00fclebilir \u00fcretim i\u00e7in g\u00fc\u00e7 birli\u011fi&#8221;<br \/>\n<br \/>Protokol\u00fcn imzalanmas\u0131n\u0131n ard\u0131ndan yap\u0131lan ortak a\u00e7\u0131klamada, tar\u0131msal \u00fcretimin gelece\u011fini korumak ve geli\u015ftirmek i\u00e7in iller aras\u0131 koordinasyonun b\u00fcy\u00fck \u00f6nem ta\u015f\u0131d\u0131\u011f\u0131 vurguland\u0131. A\u00e7\u0131klamada, &#8220;\u0130klim de\u011fi\u015fikli\u011fiyle m\u00fccadele, tar\u0131msal ihracat kapasitesinin art\u0131r\u0131lmas\u0131 ve b\u00f6lgesel kalk\u0131nman\u0131n desteklenmesi i\u00e7in bu i\u015f birli\u011fi b\u00fcy\u00fck \u00f6nem ta\u015f\u0131yor. Tar\u0131mda g\u00fc\u00e7 birli\u011fi, s\u00fcrd\u00fcr\u00fclebilir \u00fcretimin en \u00f6nemli ad\u0131mlar\u0131ndan biridir&#8221; ifadeleri yer ald\u0131.<br \/><\/p>\n","protected":false},"excerpt":{"rendered":"<p>T\u00fcrkiye\u2019nin tar\u0131msal \u00fcretiminde \u00f6nemli yere sahip olan Mu\u011fla ve Antalya, sekt\u00f6rel i\u015f birli\u011fini g\u00fc\u00e7lendirmek amac\u0131yla yeni bir ad\u0131m att\u0131. Mu\u011fla \u0130l Tar\u0131m ve Orman M\u00fcd\u00fcrl\u00fc\u011f\u00fc ile Antalya \u0130l Tar\u0131m ve Orman M\u00fcd\u00fcrl\u00fc\u011f\u00fc aras\u0131nda be\u015f y\u0131l s\u00fcreyle ge\u00e7erli olacak i\u015f birli\u011fi protokol\u00fc imzaland\u0131. Tar\u0131m\u0131n s\u00fcrd\u00fcr\u00fclebilirli\u011fi, modernizasyonu ve b\u00f6lgesel kalk\u0131nmaya katk\u0131 sa\u011flama hedefiyle haz\u0131rlanan protokol; iki ilin&#8230;<\/p>\n","protected":false},"author":1,"featured_media":38821,"comment_status":"open","ping_status":"open","sticky":false,"template":"","format":"standard","meta":{"_crdt_document":"","footnotes":""},"categories":[1],"tags":[],"class_list":["post-38820","post","type-post","status-publish","format-standard","has-post-thumbnail","hentry","category-guncel"],"_links":{"self":[{"href":"https:\/\/www.egemtv.com\/index.php?rest_route=\/wp\/v2\/posts\/38820","targetHints":{"allow":["GET"]}}],"collection":[{"href":"https:\/\/www.egemtv.com\/index.php?rest_route=\/wp\/v2\/posts"}],"about":[{"href":"https:\/\/www.egemtv.com\/index.php?rest_route=\/wp\/v2\/types\/post"}],"author":[{"embeddable":true,"href":"https:\/\/www.egemtv.com\/index.php?rest_route=\/wp\/v2\/users\/1"}],"replies":[{"embeddable":true,"href":"https:\/\/www.egemtv.com\/index.php?rest_route=%2Fwp%2Fv2%2Fcomments&post=38820"}],"version-history":[{"count":1,"href":"https:\/\/www.egemtv.com\/index.php?rest_route=\/wp\/v2\/posts\/38820\/revisions"}],"predecessor-version":[{"id":38822,"href":"https:\/\/www.egemtv.com\/index.php?rest_route=\/wp\/v2\/posts\/38820\/revisions\/38822"}],"wp:featuredmedia":[{"embeddable":true,"href":"https:\/\/www.egemtv.com\/index.php?rest_route=\/wp\/v2\/media\/38821"}],"wp:attachment":[{"href":"https:\/\/www.egemtv.com\/index.php?rest_route=%2Fwp%2Fv2%2Fmedia&parent=38820"}],"wp:term":[{"taxonomy":"category","embeddable":true,"href":"https:\/\/www.egemtv.com\/index.php?rest_route=%2Fwp%2Fv2%2Fcategories&post=38820"},{"taxonomy":"post_tag","embeddable":true,"href":"https:\/\/www.egemtv.com\/index.php?rest_route=%2Fwp%2Fv2%2Ftags&post=38820"}],"curies":[{"name":"wp","href":"https:\/\/api.w.org\/{rel}","templated":true}]}}