{"id":38817,"date":"2025-06-30T10:56:10","date_gmt":"2025-06-30T07:56:10","guid":{"rendered":"https:\/\/www.egemtv.com\/?p=38817"},"modified":"2025-06-30T10:56:15","modified_gmt":"2025-06-30T07:56:15","slug":"tarim-ekosistemi-bulusmasinda-germencik-standina-yogun-ilgi","status":"publish","type":"post","link":"https:\/\/www.egemtv.com\/?p=38817","title":{"rendered":"Tar\u0131m Ekosistemi Bulu\u015fmas\u0131\u2019nda Germencik stand\u0131na yo\u011fun ilgi"},"content":{"rendered":"<p>Germencik Belediyesi \u0130NYA markas\u0131yla 4. Tar\u0131m Ekosistemi Bulu\u015fmas\u0131\u2019na kat\u0131l\u0131rken, kurulan stant davetlilerden ilgi g\u00f6rd\u00fc.<\/p>\n<p>\u0130stanbul Hali\u00e7 Kongre Merkezinde ger\u00e7ekle\u015fen ve Cumhurba\u015fkan\u0131 Recep Tayyip Erdo\u011fan\u2019\u0131n da kat\u0131ld\u0131\u011f\u0131 4. Tar\u0131m Ekosistemi Bulu\u015fmas\u0131\u2019na T\u00fcrkiye\u2019nin bir\u00e7ok yerinden y\u00fczlerce \u00fcretici, firma ve marka yer ald\u0131. Germencik Belediyesi\u2019nin de \u0130NYA markas\u0131yla yer ald\u0131\u011f\u0131 ve Germencik\u2019in tar\u0131msal hazinelerini sergiledi\u011fi bulu\u015fmada ziyaret\u00e7iler yo\u011fun ilgi g\u00f6sterdi. \u00d6zellikle il\u00e7enin ana ge\u00e7im kayna\u011f\u0131 olan ve d\u00fcnya \u00fcretiminin d\u00f6rtte \u00fc\u00e7\u00fcn\u00fc tek ba\u015f\u0131na ger\u00e7ekle\u015ftirdi\u011fi incir \u00e7ok say\u0131da ziyaret\u00e7inin g\u00f6zdesi oldu.<\/p>\n<p>4. Tar\u0131m Ekosistemi Bulu\u015fmas\u0131\u2019nda Germencik stand\u0131n\u0131n g\u00f6rd\u00fc\u011f\u00fc yo\u011fun ilgiden dolay\u0131 memnuniyetini dile getiren Germencik Belediye Ba\u015fkan\u0131 Burak Zencirci, &#8220;T\u00fcrkiye\u2019nin her yerinden y\u00fczlerce firma, \u00fcretici ve tar\u0131m sekt\u00f6r\u00fcn\u00fcn \u00e7e\u015fitli payda\u015flar\u0131n\u0131n yer ald\u0131\u011f\u0131 4. Tar\u0131m Ekosistemi Bulu\u015fmas\u0131\u2019nda Germencik Belediyesi olarak il\u00e7emizi temsil ettik. Yo\u011fun ilgi g\u00f6ren stand\u0131m\u0131zda \u00f6zellikle incirimiz b\u00fcy\u00fck talep g\u00f6rd\u00fc. \u0130l\u00e7emizin tar\u0131msal zenginli\u011fini t\u00fcm T\u00fcrkiye\u2019yle bulu\u015fturman\u0131n mutlulu\u011funu ya\u015f\u0131yorum. \u00c7ift\u00e7i ve \u00fcreticilerimizin emek ve al\u0131n teri bizlere emanet. Onlar\u0131n bu \u00e7abas\u0131 ve \u00f6zverisini bizler de tan\u0131tarak, duyurarak destekleyecek ve her platformda olaca\u011f\u0131z. \u0130l\u00e7emizin hazinelerini duyurmaya, tan\u0131tmaya devam edece\u011fiz&#8221; dedi.<br \/><\/p>\n","protected":false},"excerpt":{"rendered":"<p>Germencik Belediyesi \u0130NYA markas\u0131yla 4. Tar\u0131m Ekosistemi Bulu\u015fmas\u0131\u2019na kat\u0131l\u0131rken, kurulan stant davetlilerden ilgi g\u00f6rd\u00fc. \u0130stanbul Hali\u00e7 Kongre Merkezinde ger\u00e7ekle\u015fen ve Cumhurba\u015fkan\u0131 Recep Tayyip Erdo\u011fan\u2019\u0131n da kat\u0131ld\u0131\u011f\u0131 4. Tar\u0131m Ekosistemi Bulu\u015fmas\u0131\u2019na T\u00fcrkiye\u2019nin bir\u00e7ok yerinden y\u00fczlerce \u00fcretici, firma ve marka yer ald\u0131. Germencik Belediyesi\u2019nin de \u0130NYA markas\u0131yla yer ald\u0131\u011f\u0131 ve Germencik\u2019in tar\u0131msal hazinelerini sergiledi\u011fi bulu\u015fmada ziyaret\u00e7iler yo\u011fun&#8230;<\/p>\n","protected":false},"author":1,"featured_media":38818,"comment_status":"open","ping_status":"open","sticky":false,"template":"","format":"standard","meta":{"_crdt_document":"","footnotes":""},"categories":[1],"tags":[],"class_list":["post-38817","post","type-post","status-publish","format-standard","has-post-thumbnail","hentry","category-guncel"],"_links":{"self":[{"href":"https:\/\/www.egemtv.com\/index.php?rest_route=\/wp\/v2\/posts\/38817","targetHints":{"allow":["GET"]}}],"collection":[{"href":"https:\/\/www.egemtv.com\/index.php?rest_route=\/wp\/v2\/posts"}],"about":[{"href":"https:\/\/www.egemtv.com\/index.php?rest_route=\/wp\/v2\/types\/post"}],"author":[{"embeddable":true,"href":"https:\/\/www.egemtv.com\/index.php?rest_route=\/wp\/v2\/users\/1"}],"replies":[{"embeddable":true,"href":"https:\/\/www.egemtv.com\/index.php?rest_route=%2Fwp%2Fv2%2Fcomments&post=38817"}],"version-history":[{"count":1,"href":"https:\/\/www.egemtv.com\/index.php?rest_route=\/wp\/v2\/posts\/38817\/revisions"}],"predecessor-version":[{"id":38819,"href":"https:\/\/www.egemtv.com\/index.php?rest_route=\/wp\/v2\/posts\/38817\/revisions\/38819"}],"wp:featuredmedia":[{"embeddable":true,"href":"https:\/\/www.egemtv.com\/index.php?rest_route=\/wp\/v2\/media\/38818"}],"wp:attachment":[{"href":"https:\/\/www.egemtv.com\/index.php?rest_route=%2Fwp%2Fv2%2Fmedia&parent=38817"}],"wp:term":[{"taxonomy":"category","embeddable":true,"href":"https:\/\/www.egemtv.com\/index.php?rest_route=%2Fwp%2Fv2%2Fcategories&post=38817"},{"taxonomy":"post_tag","embeddable":true,"href":"https:\/\/www.egemtv.com\/index.php?rest_route=%2Fwp%2Fv2%2Ftags&post=38817"}],"curies":[{"name":"wp","href":"https:\/\/api.w.org\/{rel}","templated":true}]}}