{"id":38814,"date":"2025-06-30T10:17:01","date_gmt":"2025-06-30T07:17:01","guid":{"rendered":"https:\/\/www.egemtv.com\/?p=38814"},"modified":"2025-06-30T10:17:06","modified_gmt":"2025-06-30T07:17:06","slug":"karadut-mahallesinde-ureticilere-tarim-ve-hayvancilik-egitimi","status":"publish","type":"post","link":"https:\/\/www.egemtv.com\/?p=38814","title":{"rendered":"Karadut Mahallesi\u2019nde \u00fcreticilere tar\u0131m ve hayvanc\u0131l\u0131k e\u011fitimi"},"content":{"rendered":"<p>Ayd\u0131n\u2019\u0131n Ko\u00e7arl\u0131 il\u00e7esinde d\u00fczenlenen bilgilendirme toplant\u0131s\u0131nda tar\u0131m say\u0131m\u0131, kene ile m\u00fccadele ve hayvan sa\u011fl\u0131\u011f\u0131 konular\u0131nda \u00fcreticiler bilgilendirildi.<\/p>\n<p>Ayd\u0131n \u0130l Tar\u0131m ve Orman M\u00fcd\u00fcrl\u00fc\u011f\u00fc koordinesinde \u00fcreticilerin bilgilendirilmesine y\u00f6nelik ger\u00e7ekle\u015ftirilen \u00e7al\u0131\u015fmalar aral\u0131ks\u0131z devam ediyor. Bu \u00e7er\u00e7evede sahaya inen Ko\u00e7arl\u0131 \u0130l\u00e7e Tar\u0131m ve Orman M\u00fcd\u00fcrl\u00fc\u011f\u00fc ekipleri, Karadut Mahallesi\u2019nde \u00fcreticilerle bir araya geldi. \u0130l\u00e7e Tar\u0131m ve Orman M\u00fcd\u00fcrl\u00fc\u011f\u00fc\u2019ne ba\u011fl\u0131 veteriner hekim ve ziraat m\u00fchendislerinden olu\u015fan ekip, hem tar\u0131m hem de hayvanc\u0131l\u0131k alan\u0131nda bilgilendirme yapt\u0131. Toplant\u0131da, 1 Temmuz\u2019da ba\u015flayacak olan Genel Tar\u0131m Say\u0131m\u0131, K\u0131r\u0131m Kongo Kanamal\u0131 Ate\u015fi (KKKA) hastal\u0131\u011f\u0131 ve kene ile m\u00fccadele y\u00f6ntemleri ele al\u0131nd\u0131. Hayvanlar\u0131n ve bar\u0131naklar\u0131n d\u00fczenli \u015fekilde ila\u00e7lanmas\u0131n\u0131n \u00f6nemine dikkat \u00e7ekildi. Ekipler ayr\u0131ca \u00fcreticilerin merak ettikleri sorular\u0131 yan\u0131tlayarak, kar\u015f\u0131la\u015f\u0131lan sorunlara ili\u015fkin bilgilendirme ve \u00f6nerilerde bulundu. \u0130l\u00e7e Tar\u0131m ve Orman M\u00fcd\u00fcrl\u00fc\u011f\u00fc yetkilileri, bilgilendirme \u00e7al\u0131\u015fmalar\u0131n\u0131n di\u011fer mahallelerde de s\u00fcrd\u00fcr\u00fclece\u011fini belirtti.<\/p>\n<p>Konu ile ilgili Ko\u00e7arl\u0131 \u0130l\u00e7e Tar\u0131m ve Orman M\u00fcd\u00fcrl\u00fc\u011f\u00fc\u2019nden yap\u0131lan a\u00e7\u0131klamada &#8220;\u0130l\u00e7e M\u00fcd\u00fcrl\u00fc\u011f\u00fcm\u00fcz konu uzman\u0131 veteriner hekim ve ziraat m\u00fchendisleri Karadut Mahallemizde \u00fcreticilerimizle bulu\u015farak, Genel Tar\u0131m Say\u0131m\u0131, K\u0131r\u0131m Kongo Kanamal\u0131 Ate\u015fi, kene ile m\u00fccadelede hayvanlar\u0131n ve bar\u0131naklar\u0131n ila\u00e7lanmas\u0131 konular\u0131nda bilgilendirmede bulunup \u00fcreticilerimizin sorular\u0131n\u0131 cevapland\u0131rd\u0131&#8221; ifadeleri yer ald\u0131.<br \/><\/p>\n","protected":false},"excerpt":{"rendered":"<p>Ayd\u0131n\u2019\u0131n Ko\u00e7arl\u0131 il\u00e7esinde d\u00fczenlenen bilgilendirme toplant\u0131s\u0131nda tar\u0131m say\u0131m\u0131, kene ile m\u00fccadele ve hayvan sa\u011fl\u0131\u011f\u0131 konular\u0131nda \u00fcreticiler bilgilendirildi. Ayd\u0131n \u0130l Tar\u0131m ve Orman M\u00fcd\u00fcrl\u00fc\u011f\u00fc koordinesinde \u00fcreticilerin bilgilendirilmesine y\u00f6nelik ger\u00e7ekle\u015ftirilen \u00e7al\u0131\u015fmalar aral\u0131ks\u0131z devam ediyor. Bu \u00e7er\u00e7evede sahaya inen Ko\u00e7arl\u0131 \u0130l\u00e7e Tar\u0131m ve Orman M\u00fcd\u00fcrl\u00fc\u011f\u00fc ekipleri, Karadut Mahallesi\u2019nde \u00fcreticilerle bir araya geldi. \u0130l\u00e7e Tar\u0131m ve Orman M\u00fcd\u00fcrl\u00fc\u011f\u00fc\u2019ne ba\u011fl\u0131&#8230;<\/p>\n","protected":false},"author":1,"featured_media":38815,"comment_status":"open","ping_status":"open","sticky":false,"template":"","format":"standard","meta":{"_crdt_document":"","footnotes":""},"categories":[1],"tags":[],"class_list":["post-38814","post","type-post","status-publish","format-standard","has-post-thumbnail","hentry","category-guncel"],"_links":{"self":[{"href":"https:\/\/www.egemtv.com\/index.php?rest_route=\/wp\/v2\/posts\/38814","targetHints":{"allow":["GET"]}}],"collection":[{"href":"https:\/\/www.egemtv.com\/index.php?rest_route=\/wp\/v2\/posts"}],"about":[{"href":"https:\/\/www.egemtv.com\/index.php?rest_route=\/wp\/v2\/types\/post"}],"author":[{"embeddable":true,"href":"https:\/\/www.egemtv.com\/index.php?rest_route=\/wp\/v2\/users\/1"}],"replies":[{"embeddable":true,"href":"https:\/\/www.egemtv.com\/index.php?rest_route=%2Fwp%2Fv2%2Fcomments&post=38814"}],"version-history":[{"count":1,"href":"https:\/\/www.egemtv.com\/index.php?rest_route=\/wp\/v2\/posts\/38814\/revisions"}],"predecessor-version":[{"id":38816,"href":"https:\/\/www.egemtv.com\/index.php?rest_route=\/wp\/v2\/posts\/38814\/revisions\/38816"}],"wp:featuredmedia":[{"embeddable":true,"href":"https:\/\/www.egemtv.com\/index.php?rest_route=\/wp\/v2\/media\/38815"}],"wp:attachment":[{"href":"https:\/\/www.egemtv.com\/index.php?rest_route=%2Fwp%2Fv2%2Fmedia&parent=38814"}],"wp:term":[{"taxonomy":"category","embeddable":true,"href":"https:\/\/www.egemtv.com\/index.php?rest_route=%2Fwp%2Fv2%2Fcategories&post=38814"},{"taxonomy":"post_tag","embeddable":true,"href":"https:\/\/www.egemtv.com\/index.php?rest_route=%2Fwp%2Fv2%2Ftags&post=38814"}],"curies":[{"name":"wp","href":"https:\/\/api.w.org\/{rel}","templated":true}]}}