{"id":38811,"date":"2025-06-30T10:16:56","date_gmt":"2025-06-30T07:16:56","guid":{"rendered":"https:\/\/www.egemtv.com\/?p=38811"},"modified":"2025-06-30T10:17:01","modified_gmt":"2025-06-30T07:17:01","slug":"turk-kizilay-akhisarda-varandaslara-ve-ekiplere-destege-devam-ediyor","status":"publish","type":"post","link":"https:\/\/www.egemtv.com\/?p=38811","title":{"rendered":"T\u00fcrk K\u0131z\u0131lay, Akhisar\u2019da varanda\u015flara ve ekiplere deste\u011fe devam ediyor"},"content":{"rendered":"<p>Manisa\u2019n\u0131n Akhisar il\u00e7esinde ba\u015flayan orman yang\u0131n\u0131 dolay\u0131s\u0131yla b\u00f6lgeye giden T\u00fcrk K\u0131z\u0131lay Manisa \u0130l Merkezi Ba\u015fkanl\u0131\u011f\u0131 ekipleri yang\u0131nla m\u00fccadele eden vatanda\u015flara ve personellere destek vermeye devam ediyor.<br \/>\n<br \/>T\u00fcrk K\u0131z\u0131lay Manisa \u0130l Merkezi Ba\u015fkanl\u0131\u011f\u0131, Akhisar il\u00e7esinde meydana gelen orman yang\u0131n\u0131yla m\u00fccadele eden ekipler ve b\u00f6lge halk\u0131na sahada destek vermeye devam ediyor. Orman yang\u0131nlar\u0131yla m\u00fccadele eden orman i\u015f\u00e7ileri, jandarma, AFAD, itfaiye ve g\u00f6n\u00fcll\u00fc ekiplerin yan\u0131 s\u0131ra k\u00f6ylerinden tahliye edilen vatanda\u015flara y\u00f6nelik ikram faaliyetleri kapsam\u0131nda s\u0131cak \u00e7orba, \u00e7ay, yemek ve \u00e7e\u015fitli yiyecekler da\u011f\u0131t\u0131ld\u0131. K\u0131z\u0131lay ekipleri, d\u00f6rt farkl\u0131 noktada kurduklar\u0131 mobil destek \u00fcniteleriyle b\u00f6lgedeki \u00e7al\u0131\u015fmalar\u0131n\u0131 s\u00fcrd\u00fcr\u00fcyor. T\u00fcrk K\u0131z\u0131lay Manisa \u0130l Merkezi Ba\u015fkan\u0131 \u00d6ner G\u00fcrsel, yapt\u0131\u011f\u0131 a\u00e7\u0131klamada &#8220;Yang\u0131nla m\u00fccadele eden kahraman ekiplerimizin ve etkilenen vatanda\u015flar\u0131m\u0131z\u0131n yan\u0131nda olmak bizim insani sorumlulu\u011fumuzdur. K\u0131z\u0131lay olarak d\u00f6rt farkl\u0131 noktada konu\u015flanarak sahada aktif g\u00f6rev ald\u0131k. \u00c7aydan \u00e7orbaya, yemekten ikraml\u0131klara kadar her t\u00fcrl\u00fc deste\u011fi ula\u015ft\u0131rmaya devam ediyoruz. T\u00fcrk K\u0131z\u0131lay, her zaman milletimizin yan\u0131ndad\u0131r.&#8221; ifadelerini kulland\u0131.<br \/><\/p>\n","protected":false},"excerpt":{"rendered":"<p>Manisa\u2019n\u0131n Akhisar il\u00e7esinde ba\u015flayan orman yang\u0131n\u0131 dolay\u0131s\u0131yla b\u00f6lgeye giden T\u00fcrk K\u0131z\u0131lay Manisa \u0130l Merkezi Ba\u015fkanl\u0131\u011f\u0131 ekipleri yang\u0131nla m\u00fccadele eden vatanda\u015flara ve personellere destek vermeye devam ediyor. T\u00fcrk K\u0131z\u0131lay Manisa \u0130l Merkezi Ba\u015fkanl\u0131\u011f\u0131, Akhisar il\u00e7esinde meydana gelen orman yang\u0131n\u0131yla m\u00fccadele eden ekipler ve b\u00f6lge halk\u0131na sahada destek vermeye devam ediyor. Orman yang\u0131nlar\u0131yla m\u00fccadele eden orman i\u015f\u00e7ileri,&#8230;<\/p>\n","protected":false},"author":1,"featured_media":38812,"comment_status":"open","ping_status":"open","sticky":false,"template":"","format":"standard","meta":{"_crdt_document":"","footnotes":""},"categories":[123],"tags":[],"class_list":["post-38811","post","type-post","status-publish","format-standard","has-post-thumbnail","hentry","category-gundem"],"_links":{"self":[{"href":"https:\/\/www.egemtv.com\/index.php?rest_route=\/wp\/v2\/posts\/38811","targetHints":{"allow":["GET"]}}],"collection":[{"href":"https:\/\/www.egemtv.com\/index.php?rest_route=\/wp\/v2\/posts"}],"about":[{"href":"https:\/\/www.egemtv.com\/index.php?rest_route=\/wp\/v2\/types\/post"}],"author":[{"embeddable":true,"href":"https:\/\/www.egemtv.com\/index.php?rest_route=\/wp\/v2\/users\/1"}],"replies":[{"embeddable":true,"href":"https:\/\/www.egemtv.com\/index.php?rest_route=%2Fwp%2Fv2%2Fcomments&post=38811"}],"version-history":[{"count":1,"href":"https:\/\/www.egemtv.com\/index.php?rest_route=\/wp\/v2\/posts\/38811\/revisions"}],"predecessor-version":[{"id":38813,"href":"https:\/\/www.egemtv.com\/index.php?rest_route=\/wp\/v2\/posts\/38811\/revisions\/38813"}],"wp:featuredmedia":[{"embeddable":true,"href":"https:\/\/www.egemtv.com\/index.php?rest_route=\/wp\/v2\/media\/38812"}],"wp:attachment":[{"href":"https:\/\/www.egemtv.com\/index.php?rest_route=%2Fwp%2Fv2%2Fmedia&parent=38811"}],"wp:term":[{"taxonomy":"category","embeddable":true,"href":"https:\/\/www.egemtv.com\/index.php?rest_route=%2Fwp%2Fv2%2Fcategories&post=38811"},{"taxonomy":"post_tag","embeddable":true,"href":"https:\/\/www.egemtv.com\/index.php?rest_route=%2Fwp%2Fv2%2Ftags&post=38811"}],"curies":[{"name":"wp","href":"https:\/\/api.w.org\/{rel}","templated":true}]}}